{"id":1723,"date":"2021-03-09T21:59:56","date_gmt":"2021-03-10T01:59:56","guid":{"rendered":"https:\/\/webdealta.info\/?p=1723"},"modified":"2021-03-09T21:59:58","modified_gmt":"2021-03-10T01:59:58","slug":"tres-fallecidos-con-posible-covid-19","status":"publish","type":"post","link":"https:\/\/webdealta.info\/?p=1723","title":{"rendered":"Tres fallecidos con posible Covid-19"},"content":{"rendered":"\n<p>Amanda Saldivia.-<\/p>\n\n\n\n<p>Con el fallecimiento de una paciente femenina de 82 a\u00f1os de edad, se eleva a tres el n\u00famero de decesos posiblemente vinculados al virus covid-19 en Altagracia de Orituco, Gu\u00e1rico, en lo que va del mes de marzo de 2021.<\/p>\n\n\n\n<p>Esta paciente se encontraba recluida en la sala de aislamiento del hospital Dr. Jos\u00e9 Francisco Torrealba, recinto donde al menos hay otras cuatro personas que est\u00e1n recibiendo atenci\u00f3n m\u00e9dica por presentar afecciones respiratorias y otras complicaciones de salud.<\/p>\n\n\n\n<p>En las \u00faltimas semanas, es notorio el aumento en el n\u00famero de casos que se conocen de manera extraoficial, cuyos&nbsp; pacientes son atendidos en la sala de aislamiento del hospital, centros privados de salud o de forma ambulatoria.<\/p>\n\n\n\n<p>@amandasaldivia<\/p>\n\n\n\n<p><\/p>\n","protected":false},"excerpt":{"rendered":"<p>Amanda Saldivia.- Con el fallecimiento de una paciente femenina de 82 a\u00f1os de edad, se eleva a tres el n\u00famero de decesos posiblemente vinculados al virus covid-19 en Altagracia de Orituco, Gu\u00e1rico, en lo que va del mes de marzo de 2021. Esta paciente se encontraba recluida en la sala<\/p>\n","protected":false},"author":2,"featured_media":1247,"comment_status":"open","ping_status":"open","sticky":false,"template":"","format":"standard","meta":{"advanced_seo_description":"","jetpack_seo_html_title":"","jetpack_seo_noindex":false,"_jetpack_memberships_contains_paid_content":false,"footnotes":"","jetpack_publicize_message":"","jetpack_publicize_feature_enabled":true,"jetpack_social_post_already_shared":true,"jetpack_social_options":{"image_generator_settings":{"template":"highway","enabled":false},"version":2}},"categories":[12],"tags":[8,11,32],"class_list":["post-1723","post","type-post","status-publish","format-standard","has-post-thumbnail","hentry","category-salud","tag-altagraciadeorituco","tag-covid19","tag-webdealta",""],"jetpack_publicize_connections":[],"jetpack_featured_media_url":"https:\/\/webdealta.info\/wp-content\/uploads\/2021\/01\/fachada-hospital-Dr.-Jose-Francisco-Torrealba-webdealta.jpeg","jetpack_sharing_enabled":true,"jetpack_likes_enabled":true,"jetpack-related-posts":[],"jetpack_shortlink":"https:\/\/wp.me\/pcseDn-rN","_links":{"self":[{"href":"https:\/\/webdealta.info\/index.php?rest_route=\/wp\/v2\/posts\/1723","targetHints":{"allow":["GET"]}}],"collection":[{"href":"https:\/\/webdealta.info\/index.php?rest_route=\/wp\/v2\/posts"}],"about":[{"href":"https:\/\/webdealta.info\/index.php?rest_route=\/wp\/v2\/types\/post"}],"author":[{"embeddable":true,"href":"https:\/\/webdealta.info\/index.php?rest_route=\/wp\/v2\/users\/2"}],"replies":[{"embeddable":true,"href":"https:\/\/webdealta.info\/index.php?rest_route=%2Fwp%2Fv2%2Fcomments&post=1723"}],"version-history":[{"count":1,"href":"https:\/\/webdealta.info\/index.php?rest_route=\/wp\/v2\/posts\/1723\/revisions"}],"predecessor-version":[{"id":1724,"href":"https:\/\/webdealta.info\/index.php?rest_route=\/wp\/v2\/posts\/1723\/revisions\/1724"}],"wp:featuredmedia":[{"embeddable":true,"href":"https:\/\/webdealta.info\/index.php?rest_route=\/wp\/v2\/media\/1247"}],"wp:attachment":[{"href":"https:\/\/webdealta.info\/index.php?rest_route=%2Fwp%2Fv2%2Fmedia&parent=1723"}],"wp:term":[{"taxonomy":"category","embeddable":true,"href":"https:\/\/webdealta.info\/index.php?rest_route=%2Fwp%2Fv2%2Fcategories&post=1723"},{"taxonomy":"post_tag","embeddable":true,"href":"https:\/\/webdealta.info\/index.php?rest_route=%2Fwp%2Fv2%2Ftags&post=1723"}],"curies":[{"name":"wp","href":"https:\/\/api.w.org\/{rel}","templated":true}]}}