{"id":1714,"date":"2021-03-09T10:51:19","date_gmt":"2021-03-09T14:51:19","guid":{"rendered":"https:\/\/webdealta.info\/?p=1714"},"modified":"2021-03-09T10:51:21","modified_gmt":"2021-03-09T14:51:21","slug":"mercado-municipal-obra-inconclusa","status":"publish","type":"post","link":"https:\/\/webdealta.info\/?p=1714","title":{"rendered":"Mercado municipal: obra inconclusa"},"content":{"rendered":"\n<p>Amanda Saldivia.-<\/p>\n\n\n\n<p>El sue\u00f1o de un mercado municipal rehabilitado, cuyo proyecto especificaba dos niveles, con feria de comida en la planta baja, venta de alimentos y un segundo piso destinado a tiendas, qued\u00f3 en la lista de las obras inconclusas de Altagracia de Orituco, Gu\u00e1rico.<\/p>\n\n\n\n<p>El proyecto fue elaborado en el gobierno municipal que presidi\u00f3 la alcaldesa Mar\u00eda Chac\u00edn y los recursos proven\u00edan de la gobernaci\u00f3n del estado Gu\u00e1rico con contrato otorgado el 8 de marzo de 2012, seg\u00fan consta en un cartel que fue colocado un a\u00f1o despu\u00e9s a las afueras de la edificaci\u00f3n como protesta por la paralizaci\u00f3n de los trabajos.<\/p>\n\n\n\n<p>La iniciativa de reclamar la culminaci\u00f3n de la obra en el a\u00f1o 2013, fue liderada por comerciantes que fueron desalojados del mercado con la promesa de instalarse nuevamente en \u00e1reas totalmente rehabilitadas y a quienes incluso la municipalidad alquil\u00f3 un local al frente mientras la obra era ejecutada.<\/p>\n\n\n\n<figure class=\"wp-block-image size-large\"><img loading=\"lazy\" decoding=\"async\" width=\"1024\" height=\"546\" src=\"https:\/\/webdealta.info\/wp-content\/uploads\/2021\/03\/foto-pancarta-mercado-protesta-por-el-abandono-1024x546.jpg\" alt=\"\" class=\"wp-image-1717\" srcset=\"https:\/\/webdealta.info\/wp-content\/uploads\/2021\/03\/foto-pancarta-mercado-protesta-por-el-abandono.jpg 1024w, https:\/\/webdealta.info\/wp-content\/uploads\/2021\/03\/foto-pancarta-mercado-protesta-por-el-abandono.jpg 300w, https:\/\/webdealta.info\/wp-content\/uploads\/2021\/03\/foto-pancarta-mercado-protesta-por-el-abandono.jpg 768w, https:\/\/webdealta.info\/wp-content\/uploads\/2021\/03\/foto-pancarta-mercado-protesta-por-el-abandono.jpg 1170w, https:\/\/webdealta.info\/wp-content\/uploads\/2021\/03\/foto-pancarta-mercado-protesta-por-el-abandono.jpg 1500w, https:\/\/webdealta.info\/wp-content\/uploads\/2021\/03\/foto-pancarta-mercado-protesta-por-el-abandono.jpg 1280w\" sizes=\"auto, (max-width: 640px) 100vw, 640px\" \/><\/figure>\n\n\n\n<p>Sin embargo, el 11 de noviembre de 2012 los trabajos se paralizaron y al parecer hubo una investigaci\u00f3n por parte de la Contralor\u00eda Regional, cuyos resultados se desconocen, mientras est\u00e1 a la vista de los gracitanos lo que queda de la vieja estructura del mercado municipal, ubicado en la calle Bol\u00edvar cruce con Pell\u00f3n y Palacios.<\/p>\n\n\n\n<figure class=\"wp-block-image size-large\"><img loading=\"lazy\" decoding=\"async\" width=\"1024\" height=\"546\" src=\"https:\/\/webdealta.info\/wp-content\/uploads\/2021\/03\/mercado-anos-2013-webdealta-1024x546.jpg\" alt=\"\" class=\"wp-image-1718\" srcset=\"https:\/\/webdealta.info\/wp-content\/uploads\/2021\/03\/mercado-anos-2013-webdealta.jpg 1024w, https:\/\/webdealta.info\/wp-content\/uploads\/2021\/03\/mercado-anos-2013-webdealta.jpg 300w, https:\/\/webdealta.info\/wp-content\/uploads\/2021\/03\/mercado-anos-2013-webdealta.jpg 768w, https:\/\/webdealta.info\/wp-content\/uploads\/2021\/03\/mercado-anos-2013-webdealta.jpg 1170w, https:\/\/webdealta.info\/wp-content\/uploads\/2021\/03\/mercado-anos-2013-webdealta.jpg 1500w, https:\/\/webdealta.info\/wp-content\/uploads\/2021\/03\/mercado-anos-2013-webdealta.jpg 1280w\" sizes=\"auto, (max-width: 640px) 100vw, 640px\" \/><figcaption>As\u00ed estaba el mercado en el a\u00f1o 2013. <\/figcaption><\/figure>\n\n\n\n<p>Resalta que en uno de los carteles se lee que el presupuesto destinado era de 2.600.000 bol\u00edvares, a los que habr\u00eda que sumarle la cantidad de ceros que fueron eliminados producto de las dos reconversiones monetarias de los \u00faltimos a\u00f1os.<\/p>\n\n\n\n<figure class=\"wp-block-image size-large\"><img loading=\"lazy\" decoding=\"async\" width=\"1024\" height=\"546\" src=\"https:\/\/webdealta.info\/wp-content\/uploads\/2021\/03\/pancarta-protesta-mercado-2021-1024x546.jpg\" alt=\"\" class=\"wp-image-1716\" srcset=\"https:\/\/webdealta.info\/wp-content\/uploads\/2021\/03\/pancarta-protesta-mercado-2021.jpg 1024w, https:\/\/webdealta.info\/wp-content\/uploads\/2021\/03\/pancarta-protesta-mercado-2021.jpg 300w, https:\/\/webdealta.info\/wp-content\/uploads\/2021\/03\/pancarta-protesta-mercado-2021.jpg 768w, https:\/\/webdealta.info\/wp-content\/uploads\/2021\/03\/pancarta-protesta-mercado-2021.jpg 1170w, https:\/\/webdealta.info\/wp-content\/uploads\/2021\/03\/pancarta-protesta-mercado-2021.jpg 1500w, https:\/\/webdealta.info\/wp-content\/uploads\/2021\/03\/pancarta-protesta-mercado-2021.jpg 1280w\" sizes=\"auto, (max-width: 640px) 100vw, 640px\" \/><\/figure>\n\n\n\n<p>@amandasaldivia<\/p>\n\n\n\n<p><\/p>\n","protected":false},"excerpt":{"rendered":"<p>Amanda Saldivia.- El sue\u00f1o de un mercado municipal rehabilitado, cuyo proyecto especificaba dos niveles, con feria de comida en la planta baja, venta de alimentos y un segundo piso destinado a tiendas, qued\u00f3 en la lista de las obras inconclusas de Altagracia de Orituco, Gu\u00e1rico. El proyecto fue elaborado en<\/p>\n","protected":false},"author":2,"featured_media":1715,"comment_status":"open","ping_status":"open","sticky":false,"template":"","format":"standard","meta":{"advanced_seo_description":"","jetpack_seo_html_title":"","jetpack_seo_noindex":false,"_jetpack_memberships_contains_paid_content":false,"footnotes":"","jetpack_publicize_message":"","jetpack_publicize_feature_enabled":true,"jetpack_social_post_already_shared":true,"jetpack_social_options":{"image_generator_settings":{"template":"highway","enabled":false},"version":2}},"categories":[183],"tags":[8,187,32],"class_list":["post-1714","post","type-post","status-publish","format-standard","has-post-thumbnail","hentry","category-obras-inconclusas","tag-altagraciadeorituco","tag-obrainconclusa","tag-webdealta",""],"jetpack_publicize_connections":[],"jetpack_featured_media_url":"https:\/\/webdealta.info\/wp-content\/uploads\/2021\/03\/Mercado-municipal-webdealta.jpg","jetpack_sharing_enabled":true,"jetpack_likes_enabled":true,"jetpack-related-posts":[],"jetpack_shortlink":"https:\/\/wp.me\/pcseDn-rE","_links":{"self":[{"href":"https:\/\/webdealta.info\/index.php?rest_route=\/wp\/v2\/posts\/1714","targetHints":{"allow":["GET"]}}],"collection":[{"href":"https:\/\/webdealta.info\/index.php?rest_route=\/wp\/v2\/posts"}],"about":[{"href":"https:\/\/webdealta.info\/index.php?rest_route=\/wp\/v2\/types\/post"}],"author":[{"embeddable":true,"href":"https:\/\/webdealta.info\/index.php?rest_route=\/wp\/v2\/users\/2"}],"replies":[{"embeddable":true,"href":"https:\/\/webdealta.info\/index.php?rest_route=%2Fwp%2Fv2%2Fcomments&post=1714"}],"version-history":[{"count":1,"href":"https:\/\/webdealta.info\/index.php?rest_route=\/wp\/v2\/posts\/1714\/revisions"}],"predecessor-version":[{"id":1719,"href":"https:\/\/webdealta.info\/index.php?rest_route=\/wp\/v2\/posts\/1714\/revisions\/1719"}],"wp:featuredmedia":[{"embeddable":true,"href":"https:\/\/webdealta.info\/index.php?rest_route=\/wp\/v2\/media\/1715"}],"wp:attachment":[{"href":"https:\/\/webdealta.info\/index.php?rest_route=%2Fwp%2Fv2%2Fmedia&parent=1714"}],"wp:term":[{"taxonomy":"category","embeddable":true,"href":"https:\/\/webdealta.info\/index.php?rest_route=%2Fwp%2Fv2%2Fcategories&post=1714"},{"taxonomy":"post_tag","embeddable":true,"href":"https:\/\/webdealta.info\/index.php?rest_route=%2Fwp%2Fv2%2Ftags&post=1714"}],"curies":[{"name":"wp","href":"https:\/\/api.w.org\/{rel}","templated":true}]}}