{"id":169,"date":"2020-10-12T08:42:03","date_gmt":"2020-10-12T12:42:03","guid":{"rendered":"http:\/\/webdealta.info\/?p=169"},"modified":"2020-10-26T16:55:59","modified_gmt":"2020-10-26T20:55:59","slug":"falla-12102020","status":"publish","type":"post","link":"https:\/\/webdealta.info\/?p=169","title":{"rendered":"Falla de borde en la troncal 11"},"content":{"rendered":"\n<p><a href=\"https:\/\/www.amandasaldivia.com\/\" data-type=\"URL\" data-id=\"https:\/\/www.amandasaldivia.com\/\" target=\"_blank\" rel=\"noreferrer noopener\">Amanda Saldivia<\/a><\/p>\n\n\n\n<p>Una nueva falla de borde reportan usuarios de la troncal 11, espec\u00edficamente en el tramo San Rafael-Puente de Memo. Hasta el momento se observa se\u00f1alizaci\u00f3n en el lugar como advertencia a los conductores.<\/p>\n\n\n\n<p>En d\u00edas pasados el colapso de esa v\u00eda fue a la altura de la zona El Martillo, antes de la poblaci\u00f3n de San Jos\u00e9 de Guaribe. Por esa raz\u00f3n, quienes circular por esa troncal advierten del peligro que representa esa nueva falla de borde y las consecuencias para el tr\u00e1nsito necesario de productos b\u00e1sicos en tiempos de pandemia.<\/p>\n\n\n\n<p><a href=\"https:\/\/twitter.com\/amandasaldivia\" data-type=\"URL\" data-id=\"https:\/\/twitter.com\/amandasaldivia\" target=\"_blank\" rel=\"noreferrer noopener\">@amandasaldivia<\/a><\/p>\n\n\n\n<p><\/p>\n","protected":false},"excerpt":{"rendered":"<p>Amanda Saldivia Una nueva falla de borde reportan usuarios de la troncal 11, espec\u00edficamente en el tramo San Rafael-Puente de Memo. Hasta el momento se observa se\u00f1alizaci\u00f3n en el lugar como advertencia a los conductores. En d\u00edas pasados el colapso de esa v\u00eda fue a la altura de la zona<\/p>\n","protected":false},"author":2,"featured_media":0,"comment_status":"open","ping_status":"open","sticky":false,"template":"","format":"standard","meta":{"advanced_seo_description":"","jetpack_seo_html_title":"","jetpack_seo_noindex":false,"_jetpack_memberships_contains_paid_content":false,"footnotes":"","jetpack_publicize_message":"","jetpack_publicize_feature_enabled":true,"jetpack_social_post_already_shared":false,"jetpack_social_options":{"image_generator_settings":{"template":"highway","enabled":false},"version":2}},"categories":[16],"tags":[],"class_list":["post-169","post","type-post","status-publish","format-standard","hentry","category-vialidad",""],"jetpack_publicize_connections":[],"jetpack_featured_media_url":"","jetpack_sharing_enabled":true,"jetpack_likes_enabled":true,"jetpack-related-posts":[],"jetpack_shortlink":"https:\/\/wp.me\/pcseDn-2J","_links":{"self":[{"href":"https:\/\/webdealta.info\/index.php?rest_route=\/wp\/v2\/posts\/169","targetHints":{"allow":["GET"]}}],"collection":[{"href":"https:\/\/webdealta.info\/index.php?rest_route=\/wp\/v2\/posts"}],"about":[{"href":"https:\/\/webdealta.info\/index.php?rest_route=\/wp\/v2\/types\/post"}],"author":[{"embeddable":true,"href":"https:\/\/webdealta.info\/index.php?rest_route=\/wp\/v2\/users\/2"}],"replies":[{"embeddable":true,"href":"https:\/\/webdealta.info\/index.php?rest_route=%2Fwp%2Fv2%2Fcomments&post=169"}],"version-history":[{"count":3,"href":"https:\/\/webdealta.info\/index.php?rest_route=\/wp\/v2\/posts\/169\/revisions"}],"predecessor-version":[{"id":233,"href":"https:\/\/webdealta.info\/index.php?rest_route=\/wp\/v2\/posts\/169\/revisions\/233"}],"wp:attachment":[{"href":"https:\/\/webdealta.info\/index.php?rest_route=%2Fwp%2Fv2%2Fmedia&parent=169"}],"wp:term":[{"taxonomy":"category","embeddable":true,"href":"https:\/\/webdealta.info\/index.php?rest_route=%2Fwp%2Fv2%2Fcategories&post=169"},{"taxonomy":"post_tag","embeddable":true,"href":"https:\/\/webdealta.info\/index.php?rest_route=%2Fwp%2Fv2%2Ftags&post=169"}],"curies":[{"name":"wp","href":"https:\/\/api.w.org\/{rel}","templated":true}]}}