{"id":1671,"date":"2021-03-03T23:15:06","date_gmt":"2021-03-04T03:15:06","guid":{"rendered":"https:\/\/webdealta.info\/?p=1671"},"modified":"2021-03-03T23:15:09","modified_gmt":"2021-03-04T03:15:09","slug":"exigen-asfaltado-de-la-calle","status":"publish","type":"post","link":"https:\/\/webdealta.info\/?p=1671","title":{"rendered":"Exigen asfaltado de la calle"},"content":{"rendered":"\n<p>Amanda Saldivia.-<\/p>\n\n\n\n<p>Vecinos de la calle Ayacucho, entre Santiago Gil y P\u00e1ez, exigen asfaltado de ese tramo, porque no se resignan a vivir en una especie de carretera de tierra en pleno centro de Altagracia de Orituco y a escasos metros del hospital Dr. Jos\u00e9 Francisco Torrealba.<\/p>\n\n\n\n<p>As\u00ed lo se\u00f1al\u00f3 Amalia Toledo, quien reside en la zona y fue una de las vecinas que denunci\u00f3 insistentemente la necesidad de reparar las redes colapsadas en el a\u00f1o 2018, cuando los vecinos estuvieron expuestos por meses a las aguas contaminadas y fue necesario ejercer presi\u00f3n a trav\u00e9s de los medios de comunicaci\u00f3n locales, regionales y nacionales, para que el gobierno ejecutara las trabajos.<\/p>\n\n\n\n<p>A dos a\u00f1os de esa fecha, Amalia Toledo considera que deben ser incluidos en el segundo plan de bacheo que ejecuta la alcald\u00eda del municipio Monagas, porque mientras no se asfalte la calle no se puede afirmar que la obra est\u00e1 efectivamente concluida.<\/p>\n\n\n\n<p>@amandasaldivia<\/p>\n\n\n\n<p><\/p>\n","protected":false},"excerpt":{"rendered":"<p>Amanda Saldivia.- Vecinos de la calle Ayacucho, entre Santiago Gil y P\u00e1ez, exigen asfaltado de ese tramo, porque no se resignan a vivir en una especie de carretera de tierra en pleno centro de Altagracia de Orituco y a escasos metros del hospital Dr. Jos\u00e9 Francisco Torrealba. As\u00ed lo se\u00f1al\u00f3<\/p>\n","protected":false},"author":2,"featured_media":1672,"comment_status":"open","ping_status":"open","sticky":false,"template":"","format":"standard","meta":{"advanced_seo_description":"","jetpack_seo_html_title":"","jetpack_seo_noindex":false,"_jetpack_memberships_contains_paid_content":false,"footnotes":"","jetpack_publicize_message":"","jetpack_publicize_feature_enabled":true,"jetpack_social_post_already_shared":true,"jetpack_social_options":{"image_generator_settings":{"template":"highway","enabled":false},"version":2}},"categories":[16],"tags":[8,182,32],"class_list":["post-1671","post","type-post","status-publish","format-standard","has-post-thumbnail","hentry","category-vialidad","tag-altagraciadeorituco","tag-callesdetierra","tag-webdealta",""],"jetpack_publicize_connections":[],"jetpack_featured_media_url":"https:\/\/webdealta.info\/wp-content\/uploads\/2021\/03\/calle-Ayacucho-de-Altagracia-webdealta.jpeg","jetpack_sharing_enabled":true,"jetpack_likes_enabled":true,"jetpack-related-posts":[],"jetpack_shortlink":"https:\/\/wp.me\/pcseDn-qX","_links":{"self":[{"href":"https:\/\/webdealta.info\/index.php?rest_route=\/wp\/v2\/posts\/1671","targetHints":{"allow":["GET"]}}],"collection":[{"href":"https:\/\/webdealta.info\/index.php?rest_route=\/wp\/v2\/posts"}],"about":[{"href":"https:\/\/webdealta.info\/index.php?rest_route=\/wp\/v2\/types\/post"}],"author":[{"embeddable":true,"href":"https:\/\/webdealta.info\/index.php?rest_route=\/wp\/v2\/users\/2"}],"replies":[{"embeddable":true,"href":"https:\/\/webdealta.info\/index.php?rest_route=%2Fwp%2Fv2%2Fcomments&post=1671"}],"version-history":[{"count":1,"href":"https:\/\/webdealta.info\/index.php?rest_route=\/wp\/v2\/posts\/1671\/revisions"}],"predecessor-version":[{"id":1673,"href":"https:\/\/webdealta.info\/index.php?rest_route=\/wp\/v2\/posts\/1671\/revisions\/1673"}],"wp:featuredmedia":[{"embeddable":true,"href":"https:\/\/webdealta.info\/index.php?rest_route=\/wp\/v2\/media\/1672"}],"wp:attachment":[{"href":"https:\/\/webdealta.info\/index.php?rest_route=%2Fwp%2Fv2%2Fmedia&parent=1671"}],"wp:term":[{"taxonomy":"category","embeddable":true,"href":"https:\/\/webdealta.info\/index.php?rest_route=%2Fwp%2Fv2%2Fcategories&post=1671"},{"taxonomy":"post_tag","embeddable":true,"href":"https:\/\/webdealta.info\/index.php?rest_route=%2Fwp%2Fv2%2Ftags&post=1671"}],"curies":[{"name":"wp","href":"https:\/\/api.w.org\/{rel}","templated":true}]}}