{"id":1665,"date":"2021-03-02T12:23:11","date_gmt":"2021-03-02T16:23:11","guid":{"rendered":"https:\/\/webdealta.info\/?p=1665"},"modified":"2021-03-02T12:23:12","modified_gmt":"2021-03-02T16:23:12","slug":"evidente-el-cambio-en-la-villa-iberoamericana","status":"publish","type":"post","link":"https:\/\/webdealta.info\/?p=1665","title":{"rendered":"Evidente el cambio en la Villa Iberoamericana"},"content":{"rendered":"\n<h4 class=\"wp-block-heading\">Ministerio de H\u00e1bitat y Vivienda destin\u00f3 recursos para la etapa de acabado de 106 casas<\/h4>\n\n\n\n<p>Amanda Saldivia.-<\/p>\n\n\n\n<p>En medio de la crisis econ\u00f3mica del pa\u00eds y el colapso de los servicios p\u00fablicos, lleg\u00f3 la inversi\u00f3n gubernamental a la urbanizaci\u00f3n Villa Iberoamericana de Altagracia de Orituco, Gu\u00e1rico, en la cual el Ministerio de H\u00e1bitat y Vivienda contrat\u00f3 personal y destin\u00f3 recursos para la etapa de acabado de 106 viviendas, algunas de ellas ya ocupadas por los beneficiarios por m\u00e1s de 10 a\u00f1os.<\/p>\n\n\n\n<p>En visita realizada por el equipo de la Web de Altagracia pudimos constatar que hay vaciado de concreto en las calles, instalaci\u00f3n de puertas, ventanas, piezas sanitarias, sistema el\u00e9ctrico, pintura y hasta obras de paisajismo en las \u00e1reas comunes, todo como parte de la primera etapa de acabado de viviendas, pero que supuestamente continuar\u00e1 hasta completar las 235 que forman parte de esa urbanizaci\u00f3n.<\/p>\n\n\n\n<p>Entre los testimonios recogidos est\u00e1 el de Beatriz Laya, con m\u00e1s de 10 a\u00f1os viviendo en la Villa, quien coment\u00f3 que a su casa le faltaban detalles que no pudo culminar por la situaci\u00f3n econ\u00f3mica, raz\u00f3n por la cual la inversi\u00f3n gubernamental \u201cfue una sorpresa maravillosa para todos los beneficiarios, fue una bendici\u00f3n, de verdad que muy agradecida\u201d.<\/p>\n\n\n\n<p>En el caso de Yauris Mar\u00edn, la inversi\u00f3n fue destinada al friso de paredes, instalaci\u00f3n de lavamanos, lavaplatos y visiblemente emocionada dijo que \u201cestoy contenta, tengo ya seis a\u00f1os viviendo aqu\u00ed, agradecida con todos, soy de las fundadoras de la Villa hace 20 a\u00f1os\u201d.<\/p>\n\n\n\n<p>Trascendi\u00f3 que ya est\u00e1n en la fase de culminaci\u00f3n de esa primera etapa y a la espera de m\u00e1s recursos para proseguir con el acabado de las 129 viviendas restantes.<\/p>\n\n\n\n<p>@amandasaldivia<\/p>\n\n\n\n<p><\/p>\n\n\n\n<p><\/p>\n","protected":false},"excerpt":{"rendered":"<p>Ministerio de H\u00e1bitat y Vivienda destin\u00f3 recursos para la etapa de acabado de 106 casas Amanda Saldivia.- En medio de la crisis econ\u00f3mica del pa\u00eds y el colapso de los servicios p\u00fablicos, lleg\u00f3 la inversi\u00f3n gubernamental a la urbanizaci\u00f3n Villa Iberoamericana de Altagracia de Orituco, Gu\u00e1rico, en la cual el<\/p>\n","protected":false},"author":2,"featured_media":1666,"comment_status":"open","ping_status":"open","sticky":false,"template":"","format":"standard","meta":{"advanced_seo_description":"","jetpack_seo_html_title":"","jetpack_seo_noindex":false,"_jetpack_memberships_contains_paid_content":false,"footnotes":"","jetpack_publicize_message":"","jetpack_publicize_feature_enabled":true,"jetpack_social_post_already_shared":true,"jetpack_social_options":{"image_generator_settings":{"template":"highway","enabled":false},"version":2}},"categories":[89],"tags":[8,181,32],"class_list":["post-1665","post","type-post","status-publish","format-standard","has-post-thumbnail","hentry","category-comunidad","tag-altagraciadeorituco","tag-viviendas","tag-webdealta",""],"jetpack_publicize_connections":[],"jetpack_featured_media_url":"https:\/\/webdealta.info\/wp-content\/uploads\/2021\/03\/Villa-Iberoamericana-webdealta.jpeg","jetpack_sharing_enabled":true,"jetpack_likes_enabled":true,"jetpack-related-posts":[],"jetpack_shortlink":"https:\/\/wp.me\/pcseDn-qR","_links":{"self":[{"href":"https:\/\/webdealta.info\/index.php?rest_route=\/wp\/v2\/posts\/1665","targetHints":{"allow":["GET"]}}],"collection":[{"href":"https:\/\/webdealta.info\/index.php?rest_route=\/wp\/v2\/posts"}],"about":[{"href":"https:\/\/webdealta.info\/index.php?rest_route=\/wp\/v2\/types\/post"}],"author":[{"embeddable":true,"href":"https:\/\/webdealta.info\/index.php?rest_route=\/wp\/v2\/users\/2"}],"replies":[{"embeddable":true,"href":"https:\/\/webdealta.info\/index.php?rest_route=%2Fwp%2Fv2%2Fcomments&post=1665"}],"version-history":[{"count":1,"href":"https:\/\/webdealta.info\/index.php?rest_route=\/wp\/v2\/posts\/1665\/revisions"}],"predecessor-version":[{"id":1667,"href":"https:\/\/webdealta.info\/index.php?rest_route=\/wp\/v2\/posts\/1665\/revisions\/1667"}],"wp:featuredmedia":[{"embeddable":true,"href":"https:\/\/webdealta.info\/index.php?rest_route=\/wp\/v2\/media\/1666"}],"wp:attachment":[{"href":"https:\/\/webdealta.info\/index.php?rest_route=%2Fwp%2Fv2%2Fmedia&parent=1665"}],"wp:term":[{"taxonomy":"category","embeddable":true,"href":"https:\/\/webdealta.info\/index.php?rest_route=%2Fwp%2Fv2%2Fcategories&post=1665"},{"taxonomy":"post_tag","embeddable":true,"href":"https:\/\/webdealta.info\/index.php?rest_route=%2Fwp%2Fv2%2Ftags&post=1665"}],"curies":[{"name":"wp","href":"https:\/\/api.w.org\/{rel}","templated":true}]}}