{"id":1657,"date":"2021-03-01T14:39:51","date_gmt":"2021-03-01T18:39:51","guid":{"rendered":"https:\/\/webdealta.info\/?p=1657"},"modified":"2021-03-01T14:39:53","modified_gmt":"2021-03-01T18:39:53","slug":"en-la-calle-protestan-profesionales-de-enfermeria","status":"publish","type":"post","link":"https:\/\/webdealta.info\/?p=1657","title":{"rendered":"En la calle protestan profesionales de enfermer\u00eda"},"content":{"rendered":"\n<p>Amanda Saldivia.-<\/p>\n\n\n\n<p>Profesionales de enfermer\u00eda que laboran en el hospital Dr. Jos\u00e9 Francisco Torrealba de Altagracia de Orituco, Gu\u00e1rico, protestaron en la ma\u00f1ana de este lunes primero de marzo a las afueras de esa instituci\u00f3n de salud, como parte de las acciones emprendidas en reclamo de salarios dignos y mejores condiciones laborales.<\/p>\n\n\n\n<p>Con pitos, tambores y pancartas llamaron la atenci\u00f3n de los transe\u00fantes que circulaban por la calle Hurtado Ascanio, a los fines de visibilizar la protesta pac\u00edfica que realizaban y que mantienen desde el pasado 24 de febrero, fecha en la cual iniciaron formalmente las expresiones de descontento, porque los ingresos de tres d\u00f3lares mensuales en promedio no cubre lo m\u00ednimo necesario, ni siquiera para trasladarse al centro de trabajo.<\/p>\n\n\n\n<p>Neudy Medina, licenciada en enfermer\u00eda con 29 a\u00f1os de servicio, al ser abordada por el equipo de la Web de Altagracia dijo que la protesta es para \u201cexigir un salario justo, ya que las enfermeras no contamos ni con uniformes ni con zapatos, no hay insumos para atender una emergencia, se\u00f1ores escuchen pueblo, necesitamos que nos apoyen para pedir un sueldo justo, que bien no lo merecemos como profesionales de la enfermer\u00eda que somos\u201d.<\/p>\n\n\n\n<p>La acci\u00f3n de protesta de este lunes, forma parte de los acuerdos alcanzados en una reuni\u00f3n que sostuvo el gremio y se espera que esta semana se integren profesionales de educaci\u00f3n, porque ambos exigen salarios justos y mejores condiciones de trabajo.<\/p>\n\n\n\n<p>@amandasaldivia<\/p>\n\n\n\n<p><\/p>\n","protected":false},"excerpt":{"rendered":"<p>Amanda Saldivia.- Profesionales de enfermer\u00eda que laboran en el hospital Dr. Jos\u00e9 Francisco Torrealba de Altagracia de Orituco, Gu\u00e1rico, protestaron en la ma\u00f1ana de este lunes primero de marzo a las afueras de esa instituci\u00f3n de salud, como parte de las acciones emprendidas en reclamo de salarios dignos y mejores<\/p>\n","protected":false},"author":2,"featured_media":1658,"comment_status":"open","ping_status":"open","sticky":false,"template":"","format":"standard","meta":{"advanced_seo_description":"","jetpack_seo_html_title":"","jetpack_seo_noindex":false,"_jetpack_memberships_contains_paid_content":false,"footnotes":"","jetpack_publicize_message":"","jetpack_publicize_feature_enabled":true,"jetpack_social_post_already_shared":true,"jetpack_social_options":{"image_generator_settings":{"template":"highway","enabled":false},"version":2}},"categories":[138],"tags":[8,172,171,32],"class_list":["post-1657","post","type-post","status-publish","format-standard","has-post-thumbnail","hentry","category-reclamo-laboral","tag-altagraciadeorituco","tag-enfermeras","tag-salariosdignos","tag-webdealta",""],"jetpack_publicize_connections":[],"jetpack_featured_media_url":"https:\/\/webdealta.info\/wp-content\/uploads\/2021\/03\/Protesta-del-gremio-de-enfermeras-webdealta.jpg","jetpack_sharing_enabled":true,"jetpack_likes_enabled":true,"jetpack-related-posts":[],"jetpack_shortlink":"https:\/\/wp.me\/pcseDn-qJ","_links":{"self":[{"href":"https:\/\/webdealta.info\/index.php?rest_route=\/wp\/v2\/posts\/1657","targetHints":{"allow":["GET"]}}],"collection":[{"href":"https:\/\/webdealta.info\/index.php?rest_route=\/wp\/v2\/posts"}],"about":[{"href":"https:\/\/webdealta.info\/index.php?rest_route=\/wp\/v2\/types\/post"}],"author":[{"embeddable":true,"href":"https:\/\/webdealta.info\/index.php?rest_route=\/wp\/v2\/users\/2"}],"replies":[{"embeddable":true,"href":"https:\/\/webdealta.info\/index.php?rest_route=%2Fwp%2Fv2%2Fcomments&post=1657"}],"version-history":[{"count":1,"href":"https:\/\/webdealta.info\/index.php?rest_route=\/wp\/v2\/posts\/1657\/revisions"}],"predecessor-version":[{"id":1659,"href":"https:\/\/webdealta.info\/index.php?rest_route=\/wp\/v2\/posts\/1657\/revisions\/1659"}],"wp:featuredmedia":[{"embeddable":true,"href":"https:\/\/webdealta.info\/index.php?rest_route=\/wp\/v2\/media\/1658"}],"wp:attachment":[{"href":"https:\/\/webdealta.info\/index.php?rest_route=%2Fwp%2Fv2%2Fmedia&parent=1657"}],"wp:term":[{"taxonomy":"category","embeddable":true,"href":"https:\/\/webdealta.info\/index.php?rest_route=%2Fwp%2Fv2%2Fcategories&post=1657"},{"taxonomy":"post_tag","embeddable":true,"href":"https:\/\/webdealta.info\/index.php?rest_route=%2Fwp%2Fv2%2Ftags&post=1657"}],"curies":[{"name":"wp","href":"https:\/\/api.w.org\/{rel}","templated":true}]}}