{"id":1643,"date":"2021-02-26T17:23:18","date_gmt":"2021-02-26T21:23:18","guid":{"rendered":"https:\/\/webdealta.info\/?p=1643"},"modified":"2021-02-26T17:23:20","modified_gmt":"2021-02-26T21:23:20","slug":"rechazan-clases-presenciales","status":"publish","type":"post","link":"https:\/\/webdealta.info\/?p=1643","title":{"rendered":"Rechazan clases presenciales"},"content":{"rendered":"\n<p>Amanda Saldivia.-<\/p>\n\n\n\n<p>Dos gremialistas del \u00e1rea educativa, Amarilis Bandres, representante de la Federaci\u00f3n Venezolana de Maestros y Eichler Hern\u00e1ndez de Sinteg, sindicato afiliado a Fetraense\u00f1anza, consideran que no est\u00e1n dadas las condiciones para el retorno a clases presenciales por la realidad socioecon\u00f3mica de los docentes y las precarias condiciones de la planta f\u00edsica de la mayor\u00eda de las escuelas, en las cuales ni siquiera hay agua potable para cumplir con los requerimientos m\u00ednimos de prevenci\u00f3n del covid-19.<\/p>\n\n\n\n<p>As\u00ed lo manifestaron al participar en el programa Tiempo de Cambios, que se transmite por Guara\u00f1a 97.5 FM, emisora de Altagracia de Orituco, Gu\u00e1rico, al ser consultados sobre la viabilidad del retorno a la clases presenciales de acuerdo a lo expuesto por el gobierno nacional.<\/p>\n\n\n\n<p>Amarilis Bandres expuso, que aunque planteen alternativas para recibir menos estudiantes por jornada no se han enfocado en la necesidad que tiene el docente de ser suficientemente remunerado, tal como lo consagra el art\u00edculo 91 de la Constituci\u00f3n Nacional, as\u00ed como tampoco en la prevenci\u00f3n de salud de los estudiantes, docentes y representantes ante la circulaci\u00f3n del virus covid-19.<\/p>\n\n\n\n<p>Por su parte, Eichler Hern\u00e1ndez, dijo que el TSJ debe pronunciarse sobre el recurso que se introdujo en cuanto a la interpretaci\u00f3n del art\u00edculo 91 de la Constituci\u00f3n Nacional referente al derecho de los trabajadores, los cuales est\u00e1n vulnerados desde que el gobierno no paga el salario que cubra las necesidades b\u00e1sicas de \u00e9l y la familia.<\/p>\n\n\n\n<p>Igualmente cree que debe aclararse la situaci\u00f3n del Ipasme, instituci\u00f3n que les descuenta el 12 por ciento del sueldo mensual, pero no hay un real apoyo a los docentes, porque el servicio ha deca\u00eddo al extremo de que entregan medicinas detalladas y en bolsas improvisadas de papel con grapas.<\/p>\n\n\n\n<p>Al despedir el contacto, el representante de Sinteg anunci\u00f3 que est\u00e1n en conversaciones con el gremio de enfermer\u00eda para coordinar una protesta pac\u00edfica, ya que los une el mismo reclamo: salarios dignos.<\/p>\n\n\n\n<p>@amandasaldivia<\/p>\n\n\n\n<p><\/p>\n","protected":false},"excerpt":{"rendered":"<p>Amanda Saldivia.- Dos gremialistas del \u00e1rea educativa, Amarilis Bandres, representante de la Federaci\u00f3n Venezolana de Maestros y Eichler Hern\u00e1ndez de Sinteg, sindicato afiliado a Fetraense\u00f1anza, consideran que no est\u00e1n dadas las condiciones para el retorno a clases presenciales por la realidad socioecon\u00f3mica de los docentes y las precarias condiciones de<\/p>\n","protected":false},"author":2,"featured_media":1644,"comment_status":"open","ping_status":"open","sticky":false,"template":"","format":"standard","meta":{"advanced_seo_description":"","jetpack_seo_html_title":"","jetpack_seo_noindex":false,"_jetpack_memberships_contains_paid_content":false,"footnotes":"","jetpack_publicize_message":"","jetpack_publicize_feature_enabled":true,"jetpack_social_post_already_shared":true,"jetpack_social_options":{"image_generator_settings":{"template":"highway","enabled":false},"version":2}},"categories":[151],"tags":[8,127,32],"class_list":["post-1643","post","type-post","status-publish","format-standard","has-post-thumbnail","hentry","category-educacion","tag-altagraciadeorituco","tag-gremioeducativo","tag-webdealta",""],"jetpack_publicize_connections":[],"jetpack_featured_media_url":"https:\/\/webdealta.info\/wp-content\/uploads\/2021\/02\/webdealta.jpg","jetpack_sharing_enabled":true,"jetpack_likes_enabled":true,"jetpack-related-posts":[],"jetpack_shortlink":"https:\/\/wp.me\/pcseDn-qv","_links":{"self":[{"href":"https:\/\/webdealta.info\/index.php?rest_route=\/wp\/v2\/posts\/1643","targetHints":{"allow":["GET"]}}],"collection":[{"href":"https:\/\/webdealta.info\/index.php?rest_route=\/wp\/v2\/posts"}],"about":[{"href":"https:\/\/webdealta.info\/index.php?rest_route=\/wp\/v2\/types\/post"}],"author":[{"embeddable":true,"href":"https:\/\/webdealta.info\/index.php?rest_route=\/wp\/v2\/users\/2"}],"replies":[{"embeddable":true,"href":"https:\/\/webdealta.info\/index.php?rest_route=%2Fwp%2Fv2%2Fcomments&post=1643"}],"version-history":[{"count":1,"href":"https:\/\/webdealta.info\/index.php?rest_route=\/wp\/v2\/posts\/1643\/revisions"}],"predecessor-version":[{"id":1645,"href":"https:\/\/webdealta.info\/index.php?rest_route=\/wp\/v2\/posts\/1643\/revisions\/1645"}],"wp:featuredmedia":[{"embeddable":true,"href":"https:\/\/webdealta.info\/index.php?rest_route=\/wp\/v2\/media\/1644"}],"wp:attachment":[{"href":"https:\/\/webdealta.info\/index.php?rest_route=%2Fwp%2Fv2%2Fmedia&parent=1643"}],"wp:term":[{"taxonomy":"category","embeddable":true,"href":"https:\/\/webdealta.info\/index.php?rest_route=%2Fwp%2Fv2%2Fcategories&post=1643"},{"taxonomy":"post_tag","embeddable":true,"href":"https:\/\/webdealta.info\/index.php?rest_route=%2Fwp%2Fv2%2Ftags&post=1643"}],"curies":[{"name":"wp","href":"https:\/\/api.w.org\/{rel}","templated":true}]}}