{"id":164,"date":"2020-10-11T18:51:47","date_gmt":"2020-10-11T22:51:47","guid":{"rendered":"http:\/\/webdealta.info\/?p=164"},"modified":"2020-10-26T16:57:13","modified_gmt":"2020-10-26T20:57:13","slug":"altagracia-11102020","status":"publish","type":"post","link":"https:\/\/webdealta.info\/?p=164","title":{"rendered":"Altagracia reporta 28 defunciones por afecciones respiratorias entre julio y septiembre"},"content":{"rendered":"\n<p><a href=\"https:\/\/www.amandasaldivia.com\/\" data-type=\"URL\" data-id=\"https:\/\/www.amandasaldivia.com\/\" target=\"_blank\" rel=\"noreferrer noopener\">Amanda Saldivia<\/a><\/p>\n\n\n\n<p>Durante los meses de julio a septiembre de 2020 se reportaron en Altagracia de Orituco, 28 defunciones por afecciones respiratorias compatibles cl\u00ednica y epidemiol\u00f3gicamente con covid-19. El registro de estos casos se llev\u00f3 por notificaci\u00f3n de familiares, quienes aportaron los datos necesarios para levantar la informaci\u00f3n estad\u00edstica.<\/p>\n\n\n\n<p>El an\u00e1lisis lo hizo el m\u00e9dico pediatra y epidemi\u00f3logo gracitano Carlos D`Suze, quien explic\u00f3 que el 57 por ciento de los casos corresponde al sexo masculino, el 85,7 por ciento de las muertes se registraron en pacientes entre 50 y 79 a\u00f1os de edad y el 64,3 ocurrieron en el mes de septiembre.<\/p>\n\n\n\n<p>Es importante precisar, que oficialmente se reporta una sola defunci\u00f3n en Altagracia y corresponde a una embaraza de 30 a\u00f1os de edad. El total de contagiados, con pruebas PCR positivas en el municipio Monagas es de 42, eso de acuerdo al balance presentado por el gobernador Jos\u00e9 V\u00e1squez, el pasado jueves 8 de octubre.<\/p>\n\n\n\n<p>Sin embargo, se presume que la cifra es m\u00e1s elevada, porque aumentaron las consultas m\u00e9dicas p\u00fablicas y privadas en los \u00faltimos tres meses y est\u00e1n relacionadas a pacientes que acuden por sospechar que est\u00e1n contagiadas con coronavirus. Entre los s\u00edntomas reportados est\u00e1n la p\u00e9rdida del gusto y el olfato, fiebre, dolor de cabeza y en las articulaciones, tos y dificultad para respirar.<\/p>\n\n\n\n<p>En lo que va del mes de octubre se han reportado 6 nuevos fallecidos por afecciones respiratorias en Altagracia.<\/p>\n\n\n\n<p><a href=\"https:\/\/twitter.com\/amandasaldivia\" data-type=\"URL\" data-id=\"https:\/\/twitter.com\/amandasaldivia\" target=\"_blank\" rel=\"noreferrer noopener\">@amandasaldivia<\/a><\/p>\n","protected":false},"excerpt":{"rendered":"<p>Amanda Saldivia Durante los meses de julio a septiembre de 2020 se reportaron en Altagracia de Orituco, 28 defunciones por afecciones respiratorias compatibles cl\u00ednica y epidemiol\u00f3gicamente con covid-19. El registro de estos casos se llev\u00f3 por notificaci\u00f3n de familiares, quienes aportaron los datos necesarios para levantar la informaci\u00f3n estad\u00edstica. El<\/p>\n","protected":false},"author":2,"featured_media":404,"comment_status":"open","ping_status":"open","sticky":false,"template":"","format":"standard","meta":{"advanced_seo_description":"","jetpack_seo_html_title":"","jetpack_seo_noindex":false,"_jetpack_memberships_contains_paid_content":false,"footnotes":"","jetpack_publicize_message":"","jetpack_publicize_feature_enabled":true,"jetpack_social_post_already_shared":false,"jetpack_social_options":{"image_generator_settings":{"template":"highway","enabled":false},"version":2}},"categories":[12],"tags":[11],"class_list":["post-164","post","type-post","status-publish","format-standard","has-post-thumbnail","hentry","category-salud","tag-covid19",""],"jetpack_publicize_connections":[],"jetpack_featured_media_url":"https:\/\/webdealta.info\/wp-content\/uploads\/2020\/10\/WhatsApp-Image-2020-10-03-at-9.59.55-PM.jpeg","jetpack_sharing_enabled":true,"jetpack_likes_enabled":true,"jetpack-related-posts":[],"jetpack_shortlink":"https:\/\/wp.me\/pcseDn-2E","_links":{"self":[{"href":"https:\/\/webdealta.info\/index.php?rest_route=\/wp\/v2\/posts\/164","targetHints":{"allow":["GET"]}}],"collection":[{"href":"https:\/\/webdealta.info\/index.php?rest_route=\/wp\/v2\/posts"}],"about":[{"href":"https:\/\/webdealta.info\/index.php?rest_route=\/wp\/v2\/types\/post"}],"author":[{"embeddable":true,"href":"https:\/\/webdealta.info\/index.php?rest_route=\/wp\/v2\/users\/2"}],"replies":[{"embeddable":true,"href":"https:\/\/webdealta.info\/index.php?rest_route=%2Fwp%2Fv2%2Fcomments&post=164"}],"version-history":[{"count":3,"href":"https:\/\/webdealta.info\/index.php?rest_route=\/wp\/v2\/posts\/164\/revisions"}],"predecessor-version":[{"id":234,"href":"https:\/\/webdealta.info\/index.php?rest_route=\/wp\/v2\/posts\/164\/revisions\/234"}],"wp:featuredmedia":[{"embeddable":true,"href":"https:\/\/webdealta.info\/index.php?rest_route=\/wp\/v2\/media\/404"}],"wp:attachment":[{"href":"https:\/\/webdealta.info\/index.php?rest_route=%2Fwp%2Fv2%2Fmedia&parent=164"}],"wp:term":[{"taxonomy":"category","embeddable":true,"href":"https:\/\/webdealta.info\/index.php?rest_route=%2Fwp%2Fv2%2Fcategories&post=164"},{"taxonomy":"post_tag","embeddable":true,"href":"https:\/\/webdealta.info\/index.php?rest_route=%2Fwp%2Fv2%2Ftags&post=164"}],"curies":[{"name":"wp","href":"https:\/\/api.w.org\/{rel}","templated":true}]}}