{"id":1622,"date":"2021-02-24T22:47:01","date_gmt":"2021-02-25T02:47:01","guid":{"rendered":"https:\/\/webdealta.info\/?p=1622"},"modified":"2021-02-24T22:47:02","modified_gmt":"2021-02-25T02:47:02","slug":"seniat-recuerda-declaracion-y-pago-del-islr","status":"publish","type":"post","link":"https:\/\/webdealta.info\/?p=1622","title":{"rendered":"Seniat recuerda declaraci\u00f3n y pago del ISLR"},"content":{"rendered":"\n<p>Amanda Saldivia.-<\/p>\n\n\n\n<p>Como parte de la campa\u00f1a para impulsar la declaraci\u00f3n y pago del Impuesto Sobre La Renta (ISLR), Ra\u00fal Caldera, jefe de la Unidad del Seniat en Altagracia de Orituco, Gu\u00e1rico, estuvo en el programa Tiempo de Cambios que transmite Guara\u00f1a 97.5 FM.<\/p>\n\n\n\n<p>Durante el desarrollo de la entrevista, invit\u00f3 a las personas naturales y jur\u00eddicas a cumplir con la declaraci\u00f3n y pago de este impuesto, adem\u00e1s de indicar que el personal del Seniat est\u00e1 laborando normalmente en la oficina, ubicada en la calle Sucre de Altagracia, a la cual pueden acudir para recibir las orientaciones en materia de esta obligaci\u00f3n tributaria.<\/p>\n\n\n\n<p>Puntualiz\u00f3 que para realizar el c\u00e1lculo del impuesto se incluyen los ingresos totales percibidos durante el a\u00f1o anterior y en el caso de las personas dependientes deben solicitar al patrono el comprobante de retenci\u00f3n ARC lo m\u00e1s pronto posible, porque la fecha de la declaraci\u00f3n es hasta el 31 de marzo.<\/p>\n\n\n\n<p>Ra\u00fal Caldera reiter\u00f3 que el personal del Seniat est\u00e1 a la disposici\u00f3n para las consultas, incluso las jornadas especiales de declaraci\u00f3n directamente en las instituciones, as\u00ed como tambi\u00e9n la alternativa de llamar al n\u00famero 08000-Seniat, es decir 08000-7366428, o las redes sociales @seniat_oficial.<\/p>\n\n\n\n<p>@amandasaldivia<\/p>\n\n\n\n<p><\/p>\n","protected":false},"excerpt":{"rendered":"<p>Amanda Saldivia.- Como parte de la campa\u00f1a para impulsar la declaraci\u00f3n y pago del Impuesto Sobre La Renta (ISLR), Ra\u00fal Caldera, jefe de la Unidad del Seniat en Altagracia de Orituco, Gu\u00e1rico, estuvo en el programa Tiempo de Cambios que transmite Guara\u00f1a 97.5 FM. Durante el desarrollo de la entrevista,<\/p>\n","protected":false},"author":2,"featured_media":1623,"comment_status":"open","ping_status":"open","sticky":false,"template":"","format":"standard","meta":{"advanced_seo_description":"","jetpack_seo_html_title":"","jetpack_seo_noindex":false,"_jetpack_memberships_contains_paid_content":false,"footnotes":"","jetpack_publicize_message":"","jetpack_publicize_feature_enabled":true,"jetpack_social_post_already_shared":true,"jetpack_social_options":{"image_generator_settings":{"template":"highway","enabled":false},"version":2}},"categories":[176],"tags":[8,177,32],"class_list":["post-1622","post","type-post","status-publish","format-standard","has-post-thumbnail","hentry","category-impuestos","tag-altagraciadeorituco","tag-seniat","tag-webdealta",""],"jetpack_publicize_connections":[],"jetpack_featured_media_url":"https:\/\/webdealta.info\/wp-content\/uploads\/2021\/02\/Seniat-altagracia-webdealta.jpg","jetpack_sharing_enabled":true,"jetpack_likes_enabled":true,"jetpack-related-posts":[],"jetpack_shortlink":"https:\/\/wp.me\/pcseDn-qa","_links":{"self":[{"href":"https:\/\/webdealta.info\/index.php?rest_route=\/wp\/v2\/posts\/1622","targetHints":{"allow":["GET"]}}],"collection":[{"href":"https:\/\/webdealta.info\/index.php?rest_route=\/wp\/v2\/posts"}],"about":[{"href":"https:\/\/webdealta.info\/index.php?rest_route=\/wp\/v2\/types\/post"}],"author":[{"embeddable":true,"href":"https:\/\/webdealta.info\/index.php?rest_route=\/wp\/v2\/users\/2"}],"replies":[{"embeddable":true,"href":"https:\/\/webdealta.info\/index.php?rest_route=%2Fwp%2Fv2%2Fcomments&post=1622"}],"version-history":[{"count":1,"href":"https:\/\/webdealta.info\/index.php?rest_route=\/wp\/v2\/posts\/1622\/revisions"}],"predecessor-version":[{"id":1624,"href":"https:\/\/webdealta.info\/index.php?rest_route=\/wp\/v2\/posts\/1622\/revisions\/1624"}],"wp:featuredmedia":[{"embeddable":true,"href":"https:\/\/webdealta.info\/index.php?rest_route=\/wp\/v2\/media\/1623"}],"wp:attachment":[{"href":"https:\/\/webdealta.info\/index.php?rest_route=%2Fwp%2Fv2%2Fmedia&parent=1622"}],"wp:term":[{"taxonomy":"category","embeddable":true,"href":"https:\/\/webdealta.info\/index.php?rest_route=%2Fwp%2Fv2%2Fcategories&post=1622"},{"taxonomy":"post_tag","embeddable":true,"href":"https:\/\/webdealta.info\/index.php?rest_route=%2Fwp%2Fv2%2Ftags&post=1622"}],"curies":[{"name":"wp","href":"https:\/\/api.w.org\/{rel}","templated":true}]}}