{"id":1611,"date":"2021-02-24T13:30:10","date_gmt":"2021-02-24T17:30:10","guid":{"rendered":"https:\/\/webdealta.info\/?p=1611"},"modified":"2021-02-24T13:30:14","modified_gmt":"2021-02-24T17:30:14","slug":"pancartazo-para-exigir-salario-justo","status":"publish","type":"post","link":"https:\/\/webdealta.info\/?p=1611","title":{"rendered":"Pancartazo para exigir salario justo"},"content":{"rendered":"\n<p>Amanda Saldivia.-<\/p>\n\n\n\n<p>Con un \u201cpancartazo\u201d el gremio de enfermer\u00eda se expres\u00f3 a las afueras del hospital Dr. Jos\u00e9 Francisco Torrealba de Altagracia de Orituco, Gu\u00e1rico, en la ma\u00f1ana de este mi\u00e9rcoles 24 de febrero, con la finalidad de exigir salarios justos.<\/p>\n\n\n\n<p>Ram\u00f3n Fern\u00e1ndez, representante del Colegio de Enfermer\u00eda en el municipio Monagas, dijo que las acciones de protesta que se est\u00e1n dando a nivel nacional est\u00e1n enfocadas en presionar para que se concreten las conversaciones entre los voceros del Ministerio de Salud y los representantes de las federaciones.<\/p>\n\n\n\n<p>Al preguntarle sobre la tabla salarial, dijo que el personal de enfermer\u00eda de nuevo ingreso gana un poco m\u00e1s de un d\u00f3lar y \u00e9l por los a\u00f1os de servicio supera los cinco d\u00f3lares mensuales.<\/p>\n\n\n\n<p>Entre los presentes estaba el enfermero Gervis Fuentes, quien portaba un chaleco que lo identifica como mototaxistas, actividad a la cual se dedica cuando no est\u00e1 de guardia. Dijo que el sueldo es pr\u00e1cticamente simb\u00f3lico, pero valora su profesi\u00f3n y quiere seguir ejerci\u00e9ndola, raz\u00f3n por la cual se uni\u00f3 a la protesta convocada.<\/p>\n\n\n\n<p>Tambi\u00e9n destac\u00f3 el mensaje de la enfermera Judith Hern\u00e1ndez, quien llam\u00f3 al resto del gremio a unirse a la protesta pac\u00edfica como v\u00eda para reclamar una adecuada remuneraci\u00f3n salarial, porque la actual \u201cno les permite ni siquiera comer bien\u201d.<\/p>\n\n\n\n<p>@amandasaldivia<\/p>\n\n\n\n<p><\/p>\n","protected":false},"excerpt":{"rendered":"<p>Amanda Saldivia.- Con un \u201cpancartazo\u201d el gremio de enfermer\u00eda se expres\u00f3 a las afueras del hospital Dr. Jos\u00e9 Francisco Torrealba de Altagracia de Orituco, Gu\u00e1rico, en la ma\u00f1ana de este mi\u00e9rcoles 24 de febrero, con la finalidad de exigir salarios justos. Ram\u00f3n Fern\u00e1ndez, representante del Colegio de Enfermer\u00eda en el<\/p>\n","protected":false},"author":2,"featured_media":1612,"comment_status":"open","ping_status":"open","sticky":false,"template":"","format":"standard","meta":{"advanced_seo_description":"","jetpack_seo_html_title":"","jetpack_seo_noindex":false,"_jetpack_memberships_contains_paid_content":false,"footnotes":"","jetpack_publicize_message":"","jetpack_publicize_feature_enabled":true,"jetpack_social_post_already_shared":true,"jetpack_social_options":{"image_generator_settings":{"template":"highway","enabled":false},"version":2}},"categories":[138],"tags":[8,173,29,32],"class_list":["post-1611","post","type-post","status-publish","format-standard","has-post-thumbnail","hentry","category-reclamo-laboral","tag-altagraciadeorituco","tag-enfermeros","tag-salariojusto","tag-webdealta",""],"jetpack_publicize_connections":[],"jetpack_featured_media_url":"https:\/\/webdealta.info\/wp-content\/uploads\/2021\/02\/protesta-enfermeras-webdealta.jpg","jetpack_sharing_enabled":true,"jetpack_likes_enabled":true,"jetpack-related-posts":[],"jetpack_shortlink":"https:\/\/wp.me\/pcseDn-pZ","_links":{"self":[{"href":"https:\/\/webdealta.info\/index.php?rest_route=\/wp\/v2\/posts\/1611","targetHints":{"allow":["GET"]}}],"collection":[{"href":"https:\/\/webdealta.info\/index.php?rest_route=\/wp\/v2\/posts"}],"about":[{"href":"https:\/\/webdealta.info\/index.php?rest_route=\/wp\/v2\/types\/post"}],"author":[{"embeddable":true,"href":"https:\/\/webdealta.info\/index.php?rest_route=\/wp\/v2\/users\/2"}],"replies":[{"embeddable":true,"href":"https:\/\/webdealta.info\/index.php?rest_route=%2Fwp%2Fv2%2Fcomments&post=1611"}],"version-history":[{"count":1,"href":"https:\/\/webdealta.info\/index.php?rest_route=\/wp\/v2\/posts\/1611\/revisions"}],"predecessor-version":[{"id":1613,"href":"https:\/\/webdealta.info\/index.php?rest_route=\/wp\/v2\/posts\/1611\/revisions\/1613"}],"wp:featuredmedia":[{"embeddable":true,"href":"https:\/\/webdealta.info\/index.php?rest_route=\/wp\/v2\/media\/1612"}],"wp:attachment":[{"href":"https:\/\/webdealta.info\/index.php?rest_route=%2Fwp%2Fv2%2Fmedia&parent=1611"}],"wp:term":[{"taxonomy":"category","embeddable":true,"href":"https:\/\/webdealta.info\/index.php?rest_route=%2Fwp%2Fv2%2Fcategories&post=1611"},{"taxonomy":"post_tag","embeddable":true,"href":"https:\/\/webdealta.info\/index.php?rest_route=%2Fwp%2Fv2%2Ftags&post=1611"}],"curies":[{"name":"wp","href":"https:\/\/api.w.org\/{rel}","templated":true}]}}