{"id":161,"date":"2020-10-11T18:48:06","date_gmt":"2020-10-11T22:48:06","guid":{"rendered":"http:\/\/webdealta.info\/?p=161"},"modified":"2020-10-21T08:51:42","modified_gmt":"2020-10-21T12:51:42","slug":"pasaje-en-30-mil-para-rutas-urbanas","status":"publish","type":"post","link":"https:\/\/webdealta.info\/?p=161","title":{"rendered":"Pasaje en 30 mil para rutas urbanas"},"content":{"rendered":"\n<p><a href=\"https:\/\/www.amandasaldivia.com\/\" data-type=\"URL\" data-id=\"https:\/\/www.amandasaldivia.com\/\" target=\"_blank\" rel=\"noreferrer noopener\">Amanda Saldivia<\/a><\/p>\n\n\n\n<p>Carlos Salas, director de Transporte de la alcald\u00eda del municipio Monagas, dijo que este lunes 12 de octubre entra en vigencia el pasaje m\u00ednimo aprobado en Gaceta Oficial n\u00famero 41.981, de fecha mi\u00e9rcoles 7 de octubre. Esto aplica para las rutas urbanas que comprenden el recorrido hasta 10 kil\u00f3metros.<\/p>\n\n\n\n<p>Puntualiz\u00f3 que est\u00e1n a la espera del ajuste para las rutas suburbanas, que son aquellos que superan los 10 kil\u00f3metros, entre ellas los recorridos a San Francisco de Macaira, Paso Real y Lezama.<\/p>\n\n\n\n<p>Al consultarle sobre las denuncias de habitantes de Lezama, quienes exigen&nbsp; que incluya al sector Bellas Brisas, aclar\u00f3 que a ra\u00edz de la contingencia vinculada a la pandemia de covid 19, el acuerdo con la alcald\u00eda fue de rutas bajo la modalidad \u201cpunto a punto\u201d, es decir desde la parada detr\u00e1s del estadio \u00c1ngel Santiago Gonz\u00e1lez hasta la plaza Bol\u00edvar de esa comunidad. <\/p>\n\n\n\n<p><a href=\"https:\/\/twitter.com\/amandasaldivia\" data-type=\"URL\" data-id=\"https:\/\/twitter.com\/amandasaldivia\">@amandasaldivia<\/a><\/p>\n","protected":false},"excerpt":{"rendered":"<p>Amanda Saldivia Carlos Salas, director de Transporte de la alcald\u00eda del municipio Monagas, dijo que este lunes 12 de octubre entra en vigencia el pasaje m\u00ednimo aprobado en Gaceta Oficial n\u00famero 41.981, de fecha mi\u00e9rcoles 7 de octubre. Esto aplica para las rutas urbanas que comprenden el recorrido hasta 10<\/p>\n","protected":false},"author":2,"featured_media":0,"comment_status":"open","ping_status":"open","sticky":false,"template":"","format":"standard","meta":{"advanced_seo_description":"","jetpack_seo_html_title":"","jetpack_seo_noindex":false,"_jetpack_memberships_contains_paid_content":false,"footnotes":"","jetpack_publicize_message":"","jetpack_publicize_feature_enabled":true,"jetpack_social_post_already_shared":false,"jetpack_social_options":{"image_generator_settings":{"template":"highway","enabled":false},"version":2}},"categories":[13],"tags":[10,9],"class_list":["post-161","post","type-post","status-publish","format-standard","hentry","category-transporte","tag-pasajeminimo","tag-transportepublico",""],"jetpack_publicize_connections":[],"jetpack_featured_media_url":"","jetpack_sharing_enabled":true,"jetpack_likes_enabled":true,"jetpack-related-posts":[],"jetpack_shortlink":"https:\/\/wp.me\/pcseDn-2B","_links":{"self":[{"href":"https:\/\/webdealta.info\/index.php?rest_route=\/wp\/v2\/posts\/161","targetHints":{"allow":["GET"]}}],"collection":[{"href":"https:\/\/webdealta.info\/index.php?rest_route=\/wp\/v2\/posts"}],"about":[{"href":"https:\/\/webdealta.info\/index.php?rest_route=\/wp\/v2\/types\/post"}],"author":[{"embeddable":true,"href":"https:\/\/webdealta.info\/index.php?rest_route=\/wp\/v2\/users\/2"}],"replies":[{"embeddable":true,"href":"https:\/\/webdealta.info\/index.php?rest_route=%2Fwp%2Fv2%2Fcomments&post=161"}],"version-history":[{"count":3,"href":"https:\/\/webdealta.info\/index.php?rest_route=\/wp\/v2\/posts\/161\/revisions"}],"predecessor-version":[{"id":235,"href":"https:\/\/webdealta.info\/index.php?rest_route=\/wp\/v2\/posts\/161\/revisions\/235"}],"wp:attachment":[{"href":"https:\/\/webdealta.info\/index.php?rest_route=%2Fwp%2Fv2%2Fmedia&parent=161"}],"wp:term":[{"taxonomy":"category","embeddable":true,"href":"https:\/\/webdealta.info\/index.php?rest_route=%2Fwp%2Fv2%2Fcategories&post=161"},{"taxonomy":"post_tag","embeddable":true,"href":"https:\/\/webdealta.info\/index.php?rest_route=%2Fwp%2Fv2%2Ftags&post=161"}],"curies":[{"name":"wp","href":"https:\/\/api.w.org\/{rel}","templated":true}]}}