{"id":1607,"date":"2021-02-23T22:45:46","date_gmt":"2021-02-24T02:45:46","guid":{"rendered":"https:\/\/webdealta.info\/?p=1607"},"modified":"2021-02-23T22:45:50","modified_gmt":"2021-02-24T02:45:50","slug":"enfermeras-retoman-lucha-laboral","status":"publish","type":"post","link":"https:\/\/webdealta.info\/?p=1607","title":{"rendered":"Enfermeras retoman lucha laboral"},"content":{"rendered":"\n<p>Amanda Saldivia.-<\/p>\n\n\n\n<p>No abandonar el trabajo, acudir a los medios de comunicaci\u00f3n social a exponer la situaci\u00f3n laboral y fijar carteles alusivos a los reclamos de salario justo para el gremio de enfermer\u00eda, fueron parte de los acuerdos alcanzados en una reuni\u00f3n que se celebr\u00f3, en la tarde de este martes 23 de febrero, en la sala de conferencia del hospital Dr. Jos\u00e9 Francisco Torrealba de Altagracia de Orituco, Gu\u00e1rico.<\/p>\n\n\n\n<p>Los detalles los ofreci\u00f3 en el programa Tiempo de Cambios, la licenciada Elimar Bol\u00edvar, enfermera egresada de la UNERG en el a\u00f1o 2005, con postgrado en Gerencia Administrativa, quien con su presencia en el espacio radial daba por cumplido uno de los acuerdos que persigue informar a la poblaci\u00f3n sobre la situaci\u00f3n laboral que atraviesan, debido a que el salario b\u00e1sico apenas supera los 3 millones de bol\u00edvares y no tienen los equipos de protecci\u00f3n personal que la profesi\u00f3n amerita, m\u00e1s aun en medio de la pandemia de covid-19.<\/p>\n\n\n\n<p>Explic\u00f3 que producto de esa situaci\u00f3n laboral se genera en el personal el s\u00edndrome de Burnout o Quemado, que es un tipo de estr\u00e9s que se caracteriza por agotamiento f\u00edsico y emocional que trae consecuencias, entre ellas la depresi\u00f3n y que es reconocido como un problema del \u00e1rea por parte de la Organizaci\u00f3n Mundial de la Salud.<\/p>\n\n\n\n<p>Agreg\u00f3 que es duro para el gremio, no solo de enfermer\u00eda, sino en general, que los ingresos no permitan cubrir las necesidades b\u00e1sicas de la familia, ya que desde hace m\u00e1s de dos a\u00f1os la contrataci\u00f3n colectiva no se adapta al marco legal vigente.<\/p>\n\n\n\n<p>La licenciada Bol\u00edvar mencion\u00f3 de manera particular a las profesionales de la enfermer\u00eda que se han marchado del pa\u00eds debido a los bajos salarios, as\u00ed como aquellas que han tenido que irse a otras zonas de Venezuela a ejercer, incluso al cuido particular de pacientes, pero alert\u00f3 que esto trae como consecuencia la desintegraci\u00f3n del n\u00facleo familiar.<\/p>\n\n\n\n<p>@amandasaldivia<\/p>\n\n\n\n<p><\/p>\n","protected":false},"excerpt":{"rendered":"<p>Amanda Saldivia.- No abandonar el trabajo, acudir a los medios de comunicaci\u00f3n social a exponer la situaci\u00f3n laboral y fijar carteles alusivos a los reclamos de salario justo para el gremio de enfermer\u00eda, fueron parte de los acuerdos alcanzados en una reuni\u00f3n que se celebr\u00f3, en la tarde de este<\/p>\n","protected":false},"author":2,"featured_media":1608,"comment_status":"open","ping_status":"open","sticky":false,"template":"","format":"standard","meta":{"advanced_seo_description":"","jetpack_seo_html_title":"","jetpack_seo_noindex":false,"_jetpack_memberships_contains_paid_content":false,"footnotes":"","jetpack_publicize_message":"","jetpack_publicize_feature_enabled":true,"jetpack_social_post_already_shared":true,"jetpack_social_options":{"image_generator_settings":{"template":"highway","enabled":false},"version":2}},"categories":[138],"tags":[8,172,171,32],"class_list":["post-1607","post","type-post","status-publish","format-standard","has-post-thumbnail","hentry","category-reclamo-laboral","tag-altagraciadeorituco","tag-enfermeras","tag-salariosdignos","tag-webdealta",""],"jetpack_publicize_connections":[],"jetpack_featured_media_url":"https:\/\/webdealta.info\/wp-content\/uploads\/2021\/02\/pancarta-enfermeria-webdealta.jpg","jetpack_sharing_enabled":true,"jetpack_likes_enabled":true,"jetpack-related-posts":[],"jetpack_shortlink":"https:\/\/wp.me\/pcseDn-pV","_links":{"self":[{"href":"https:\/\/webdealta.info\/index.php?rest_route=\/wp\/v2\/posts\/1607","targetHints":{"allow":["GET"]}}],"collection":[{"href":"https:\/\/webdealta.info\/index.php?rest_route=\/wp\/v2\/posts"}],"about":[{"href":"https:\/\/webdealta.info\/index.php?rest_route=\/wp\/v2\/types\/post"}],"author":[{"embeddable":true,"href":"https:\/\/webdealta.info\/index.php?rest_route=\/wp\/v2\/users\/2"}],"replies":[{"embeddable":true,"href":"https:\/\/webdealta.info\/index.php?rest_route=%2Fwp%2Fv2%2Fcomments&post=1607"}],"version-history":[{"count":1,"href":"https:\/\/webdealta.info\/index.php?rest_route=\/wp\/v2\/posts\/1607\/revisions"}],"predecessor-version":[{"id":1609,"href":"https:\/\/webdealta.info\/index.php?rest_route=\/wp\/v2\/posts\/1607\/revisions\/1609"}],"wp:featuredmedia":[{"embeddable":true,"href":"https:\/\/webdealta.info\/index.php?rest_route=\/wp\/v2\/media\/1608"}],"wp:attachment":[{"href":"https:\/\/webdealta.info\/index.php?rest_route=%2Fwp%2Fv2%2Fmedia&parent=1607"}],"wp:term":[{"taxonomy":"category","embeddable":true,"href":"https:\/\/webdealta.info\/index.php?rest_route=%2Fwp%2Fv2%2Fcategories&post=1607"},{"taxonomy":"post_tag","embeddable":true,"href":"https:\/\/webdealta.info\/index.php?rest_route=%2Fwp%2Fv2%2Ftags&post=1607"}],"curies":[{"name":"wp","href":"https:\/\/api.w.org\/{rel}","templated":true}]}}