{"id":1587,"date":"2021-02-21T18:25:36","date_gmt":"2021-02-21T22:25:36","guid":{"rendered":"https:\/\/webdealta.info\/?p=1587"},"modified":"2021-02-21T18:25:37","modified_gmt":"2021-02-21T22:25:37","slug":"dos-fallecidos-con-posible-covid-19","status":"publish","type":"post","link":"https:\/\/webdealta.info\/?p=1587","title":{"rendered":"Dos fallecidos con posible covid-19"},"content":{"rendered":"\n<p>Amanda Saldivia.-<\/p>\n\n\n\n<p>Una paciente de 89 a\u00f1os de edad falleci\u00f3, luego de permanecer 13 d\u00edas recluida en la sala de aislamiento del hospital Dr. Jos\u00e9 Francisco Torrealba de Altagracia de Orituco, Gu\u00e1rico, posiblemente por complicaciones asociadas al virus covid-19.<\/p>\n\n\n\n<p>Con ese caso son dos los pacientes fallecidos durante esta semana, el primero un hombre 53 a\u00f1os de edad procedente de Valle de Guanape, estado Anzo\u00e1tegui, cuyo deceso fue el lunes 15 de febrero y ahora este que ingres\u00f3 de Las Pe\u00f1itas, estado Aragua y muri\u00f3 el pasado viernes. En ambos se espera el resultado de la prueba PCR.<\/p>\n\n\n\n<p>La informaci\u00f3n extraoficial es que con estos dos fallecidos se elevar\u00eda a 40 los decesos por afecciones respiratorias desde julio de 2020 en el municipio Monagas, aunque oficialmente se reporta un solo caso confirmado en esta jurisdicci\u00f3n, para un total de 12 muertes en Gu\u00e1rico por Covid-19.<\/p>\n\n\n\n<p>Igualmente pudimos conocer por testimonio de familiares, que hay dos pacientes recluidos en la sala de aislamiento, el \u00faltimo ingres\u00f3 este domingo y se trata de un trabajador del \u00e1rea de la salud de 43 a\u00f1os de edad.<\/p>\n\n\n\n<p>@amandasaldivia<\/p>\n\n\n\n<p><\/p>\n\n\n\n<p><\/p>\n","protected":false},"excerpt":{"rendered":"<p>Amanda Saldivia.- Una paciente de 89 a\u00f1os de edad falleci\u00f3, luego de permanecer 13 d\u00edas recluida en la sala de aislamiento del hospital Dr. Jos\u00e9 Francisco Torrealba de Altagracia de Orituco, Gu\u00e1rico, posiblemente por complicaciones asociadas al virus covid-19. Con ese caso son dos los pacientes fallecidos durante esta semana,<\/p>\n","protected":false},"author":2,"featured_media":1588,"comment_status":"open","ping_status":"open","sticky":false,"template":"","format":"standard","meta":{"advanced_seo_description":"","jetpack_seo_html_title":"","jetpack_seo_noindex":false,"_jetpack_memberships_contains_paid_content":false,"footnotes":"","jetpack_publicize_message":"","jetpack_publicize_feature_enabled":true,"jetpack_social_post_already_shared":true,"jetpack_social_options":{"image_generator_settings":{"template":"highway","enabled":false},"version":2}},"categories":[12],"tags":[8,11,32],"class_list":["post-1587","post","type-post","status-publish","format-standard","has-post-thumbnail","hentry","category-salud","tag-altagraciadeorituco","tag-covid19","tag-webdealta",""],"jetpack_publicize_connections":[],"jetpack_featured_media_url":"https:\/\/webdealta.info\/wp-content\/uploads\/2021\/02\/Hospital-Altagracia-webdealta.jpeg","jetpack_sharing_enabled":true,"jetpack_likes_enabled":true,"jetpack-related-posts":[],"jetpack_shortlink":"https:\/\/wp.me\/pcseDn-pB","_links":{"self":[{"href":"https:\/\/webdealta.info\/index.php?rest_route=\/wp\/v2\/posts\/1587","targetHints":{"allow":["GET"]}}],"collection":[{"href":"https:\/\/webdealta.info\/index.php?rest_route=\/wp\/v2\/posts"}],"about":[{"href":"https:\/\/webdealta.info\/index.php?rest_route=\/wp\/v2\/types\/post"}],"author":[{"embeddable":true,"href":"https:\/\/webdealta.info\/index.php?rest_route=\/wp\/v2\/users\/2"}],"replies":[{"embeddable":true,"href":"https:\/\/webdealta.info\/index.php?rest_route=%2Fwp%2Fv2%2Fcomments&post=1587"}],"version-history":[{"count":1,"href":"https:\/\/webdealta.info\/index.php?rest_route=\/wp\/v2\/posts\/1587\/revisions"}],"predecessor-version":[{"id":1589,"href":"https:\/\/webdealta.info\/index.php?rest_route=\/wp\/v2\/posts\/1587\/revisions\/1589"}],"wp:featuredmedia":[{"embeddable":true,"href":"https:\/\/webdealta.info\/index.php?rest_route=\/wp\/v2\/media\/1588"}],"wp:attachment":[{"href":"https:\/\/webdealta.info\/index.php?rest_route=%2Fwp%2Fv2%2Fmedia&parent=1587"}],"wp:term":[{"taxonomy":"category","embeddable":true,"href":"https:\/\/webdealta.info\/index.php?rest_route=%2Fwp%2Fv2%2Fcategories&post=1587"},{"taxonomy":"post_tag","embeddable":true,"href":"https:\/\/webdealta.info\/index.php?rest_route=%2Fwp%2Fv2%2Ftags&post=1587"}],"curies":[{"name":"wp","href":"https:\/\/api.w.org\/{rel}","templated":true}]}}