{"id":1575,"date":"2021-02-20T12:55:41","date_gmt":"2021-02-20T16:55:41","guid":{"rendered":"https:\/\/webdealta.info\/?p=1575"},"modified":"2021-02-20T12:55:43","modified_gmt":"2021-02-20T16:55:43","slug":"tres-anos-sin-agua-potable","status":"publish","type":"post","link":"https:\/\/webdealta.info\/?p=1575","title":{"rendered":"Tres a\u00f1os sin agua potable"},"content":{"rendered":"\n<h4 class=\"wp-block-heading\">Empeora el servicio en San Rafael de Orituco y los vecinos exigen soluci\u00f3n<\/h4>\n\n\n\n<p>Amanda Saldivia.-<\/p>\n\n\n\n<p>M\u00e1s de tres a\u00f1os sin servicio agua potable tienen las familias que habitan en las calles Bol\u00edvar y Alfonzo Reyes de San Rafael de Orituco, Gu\u00e1rico, luego de trabajos en las redes de distribuci\u00f3n que impiden que el suministro llegue a esos hogares.<\/p>\n\n\n\n<p>Hilda Melian, quien vive justo al frente de la plaza Bol\u00edvar, expres\u00f3 que ya siente el desgaste f\u00edsico, porque con m\u00e1s de 70 a\u00f1os tiene que cargar agua de viviendas vecinas, porque no dan soluci\u00f3n a la problem\u00e1tica, \u201cya son tres a\u00f1os que no tengo agua, la tengo que buscar con carreta, estoy cansada, tengo mis a\u00f1itos y me canso de cargar la carreta, pedimos una soluci\u00f3n\u201d.<\/p>\n\n\n\n<p>Tambi\u00e9n en el plaza Bol\u00edvar de San Rafael se expres\u00f3, Rub\u00e9n Ram\u00edrez, habitante del sector Las Colinas, quien dijo que conjuntamente con las autoridades y la cuadrilla de la comunidad que coordina Pablo Ledezma, han tratado de ayudar a los vecinos, pero hasta el momento solo se despej\u00f3 el sitio en el cual se cort\u00f3 la conexi\u00f3n para las familias de las calles Bol\u00edvar y Alfonzo Reyes, pero hace faltan el equipo para destapar la tuber\u00eda, la cual se cree est\u00e1 obstruida por sedimentos.<\/p>\n\n\n\n<p>Indic\u00f3 que los vecinos est\u00e1n dispuestos a colaborar, pero son m\u00e1s autoridades las llamadas a dar respuesta para lograr que se restablezca el servicio a las familias de parte del casco central de San Rafael, motivo por el cual aprovech\u00f3 la ocasi\u00f3n para recordar ese compromiso a Hidrop\u00e1ez y a la alcald\u00eda del municipio Monagas.<\/p>\n\n\n\n<p>Dej\u00f3 claro que toda la poblaci\u00f3n de San Rafael est\u00e1 afectada, porque el suministro comenz\u00f3 a empeorar desde hace m\u00e1s cinco a\u00f1os y el servicio pas\u00f3 de ser continuo, a una vez por semana en algunas zonas y con deficiencias, porque los lapsos de sectorizaci\u00f3n no se cumplen y las familias pasan horas, incluso en la madrugada, a la espera del agua potable.<\/p>\n\n\n\n<p>Por su parte, Zuly Landaeta, habitante de la calle Zamora, indic\u00f3 que \u201cel agua no llega, a veces cuando intenta no tiene presi\u00f3n, ser\u00e1 que no abren la llave bien, no llega el agua y la comida tampoco\u201d, esto \u00faltimo al hacer referencia a las bolsas Clap, programa social del gobierno nacional.<\/p>\n\n\n\n<p>@amandasaldivia<\/p>\n\n\n\n<figure class=\"wp-block-image size-large\"><img loading=\"lazy\" decoding=\"async\" width=\"1024\" height=\"546\" src=\"https:\/\/webdealta.info\/wp-content\/uploads\/2021\/02\/Habitantes-de-San-Rafael-webdealta-Amanda-Saldivia-1024x546.jpg\" alt=\"\" class=\"wp-image-1577\" srcset=\"https:\/\/webdealta.info\/wp-content\/uploads\/2021\/02\/Habitantes-de-San-Rafael-webdealta-Amanda-Saldivia.jpg 1024w, https:\/\/webdealta.info\/wp-content\/uploads\/2021\/02\/Habitantes-de-San-Rafael-webdealta-Amanda-Saldivia.jpg 300w, https:\/\/webdealta.info\/wp-content\/uploads\/2021\/02\/Habitantes-de-San-Rafael-webdealta-Amanda-Saldivia.jpg 768w, https:\/\/webdealta.info\/wp-content\/uploads\/2021\/02\/Habitantes-de-San-Rafael-webdealta-Amanda-Saldivia.jpg 1170w, https:\/\/webdealta.info\/wp-content\/uploads\/2021\/02\/Habitantes-de-San-Rafael-webdealta-Amanda-Saldivia.jpg 1500w, https:\/\/webdealta.info\/wp-content\/uploads\/2021\/02\/Habitantes-de-San-Rafael-webdealta-Amanda-Saldivia.jpg 1280w\" sizes=\"auto, (max-width: 640px) 100vw, 640px\" \/><figcaption>Vecinos de San Rafael de Orituco exigen soluci\u00f3n<\/figcaption><\/figure>\n\n\n\n<p><\/p>\n","protected":false},"excerpt":{"rendered":"<p>Empeora el servicio en San Rafael de Orituco y los vecinos exigen soluci\u00f3n Amanda Saldivia.- M\u00e1s de tres a\u00f1os sin servicio agua potable tienen las familias que habitan en las calles Bol\u00edvar y Alfonzo Reyes de San Rafael de Orituco, Gu\u00e1rico, luego de trabajos en las redes de distribuci\u00f3n que<\/p>\n","protected":false},"author":2,"featured_media":1576,"comment_status":"open","ping_status":"open","sticky":false,"template":"","format":"standard","meta":{"advanced_seo_description":"","jetpack_seo_html_title":"","jetpack_seo_noindex":false,"_jetpack_memberships_contains_paid_content":false,"footnotes":"","jetpack_publicize_message":"","jetpack_publicize_feature_enabled":true,"jetpack_social_post_already_shared":true,"jetpack_social_options":{"image_generator_settings":{"template":"highway","enabled":false},"version":2}},"categories":[21],"tags":[166,141,32],"class_list":["post-1575","post","type-post","status-publish","format-standard","has-post-thumbnail","hentry","category-agua-potable","tag-sanrafaeldeorituco","tag-sinagua","tag-webdealta",""],"jetpack_publicize_connections":[],"jetpack_featured_media_url":"https:\/\/webdealta.info\/wp-content\/uploads\/2021\/02\/Calle-San-Rafael-de-Orituco-webdealta-Amanda-Saldivia.jpg","jetpack_sharing_enabled":true,"jetpack_likes_enabled":true,"jetpack-related-posts":[],"jetpack_shortlink":"https:\/\/wp.me\/pcseDn-pp","_links":{"self":[{"href":"https:\/\/webdealta.info\/index.php?rest_route=\/wp\/v2\/posts\/1575","targetHints":{"allow":["GET"]}}],"collection":[{"href":"https:\/\/webdealta.info\/index.php?rest_route=\/wp\/v2\/posts"}],"about":[{"href":"https:\/\/webdealta.info\/index.php?rest_route=\/wp\/v2\/types\/post"}],"author":[{"embeddable":true,"href":"https:\/\/webdealta.info\/index.php?rest_route=\/wp\/v2\/users\/2"}],"replies":[{"embeddable":true,"href":"https:\/\/webdealta.info\/index.php?rest_route=%2Fwp%2Fv2%2Fcomments&post=1575"}],"version-history":[{"count":1,"href":"https:\/\/webdealta.info\/index.php?rest_route=\/wp\/v2\/posts\/1575\/revisions"}],"predecessor-version":[{"id":1578,"href":"https:\/\/webdealta.info\/index.php?rest_route=\/wp\/v2\/posts\/1575\/revisions\/1578"}],"wp:featuredmedia":[{"embeddable":true,"href":"https:\/\/webdealta.info\/index.php?rest_route=\/wp\/v2\/media\/1576"}],"wp:attachment":[{"href":"https:\/\/webdealta.info\/index.php?rest_route=%2Fwp%2Fv2%2Fmedia&parent=1575"}],"wp:term":[{"taxonomy":"category","embeddable":true,"href":"https:\/\/webdealta.info\/index.php?rest_route=%2Fwp%2Fv2%2Fcategories&post=1575"},{"taxonomy":"post_tag","embeddable":true,"href":"https:\/\/webdealta.info\/index.php?rest_route=%2Fwp%2Fv2%2Ftags&post=1575"}],"curies":[{"name":"wp","href":"https:\/\/api.w.org\/{rel}","templated":true}]}}