{"id":1571,"date":"2021-02-19T20:08:57","date_gmt":"2021-02-20T00:08:57","guid":{"rendered":"https:\/\/webdealta.info\/?p=1571"},"modified":"2021-02-19T20:08:58","modified_gmt":"2021-02-20T00:08:58","slug":"luz-para-san-rafael-inicia-campana-pro-fondos","status":"publish","type":"post","link":"https:\/\/webdealta.info\/?p=1571","title":{"rendered":"Luz para San Rafael inicia campa\u00f1a pro fondos"},"content":{"rendered":"\n<p>Amanda Saldivia.-<\/p>\n\n\n\n<p>Luz para San Rafael es un proyecto comunitario que surgi\u00f3 en medio de la conversaci\u00f3n que sosten\u00edan v\u00eda WhatsApp un grupo de habitantes de San Rafael de Orituco, Gu\u00e1rico, quienes est\u00e1n en distintos pa\u00edses y ven con preocupaci\u00f3n el deterioro de la calidad de vida de sus familiares por la precariedad de los servicios p\u00fablicos, entre ellos algo tan simple como el alumbrado de las calles.<\/p>\n\n\n\n<p>Luis Ram\u00edrez es parte del equipo promotor de Luz para San Rafael y desde la poblaci\u00f3n de Samaniego, departamento de Nari\u00f1o, Colombia, cont\u00f3 que el a\u00f1o pasado destinaron recursos que fueron utilizados en la iluminaci\u00f3n de la plaza Bol\u00edvar y de algunas calles, pero quieren hacer m\u00e1s.<\/p>\n\n\n\n<p>Explic\u00f3 que por esa raz\u00f3n, el pr\u00f3ximo lunes 22 de febrero, comienza la venta de una rifa para que la autogesti\u00f3n no sea nada m\u00e1s por parte de quienes est\u00e1n fuera del pa\u00eds, sino que se involucren los habitantes de esa poblaci\u00f3n guarique\u00f1a, con la finalidad de continuar el plan de iluminaci\u00f3n y colocar un letrero que siga Yo Amo a San Rafael, eso para despertar el sentido de pertenencia.<\/p>\n\n\n\n<p>Si quieres ser parte del proyecto, comun\u00edcate con Luis Ram\u00edrez por Instagram @luisalbertoramirez2021<\/p>\n\n\n\n<p><\/p>\n","protected":false},"excerpt":{"rendered":"<p>Amanda Saldivia.- Luz para San Rafael es un proyecto comunitario que surgi\u00f3 en medio de la conversaci\u00f3n que sosten\u00edan v\u00eda WhatsApp un grupo de habitantes de San Rafael de Orituco, Gu\u00e1rico, quienes est\u00e1n en distintos pa\u00edses y ven con preocupaci\u00f3n el deterioro de la calidad de vida de sus familiares<\/p>\n","protected":false},"author":2,"featured_media":1572,"comment_status":"open","ping_status":"open","sticky":false,"template":"","format":"standard","meta":{"advanced_seo_description":"","jetpack_seo_html_title":"","jetpack_seo_noindex":false,"_jetpack_memberships_contains_paid_content":false,"footnotes":"","jetpack_publicize_message":"","jetpack_publicize_feature_enabled":true,"jetpack_social_post_already_shared":true,"jetpack_social_options":{"image_generator_settings":{"template":"highway","enabled":false},"version":2}},"categories":[47],"tags":[166,32],"class_list":["post-1571","post","type-post","status-publish","format-standard","has-post-thumbnail","hentry","category-campana-pro-fondos","tag-sanrafaeldeorituco","tag-webdealta",""],"jetpack_publicize_connections":[],"jetpack_featured_media_url":"https:\/\/webdealta.info\/wp-content\/uploads\/2021\/02\/Iglesia-de-San-Rafael-de-Orituco-webdealta-Amanda-Saldivia.jpeg","jetpack_sharing_enabled":true,"jetpack_likes_enabled":true,"jetpack-related-posts":[],"jetpack_shortlink":"https:\/\/wp.me\/pcseDn-pl","_links":{"self":[{"href":"https:\/\/webdealta.info\/index.php?rest_route=\/wp\/v2\/posts\/1571","targetHints":{"allow":["GET"]}}],"collection":[{"href":"https:\/\/webdealta.info\/index.php?rest_route=\/wp\/v2\/posts"}],"about":[{"href":"https:\/\/webdealta.info\/index.php?rest_route=\/wp\/v2\/types\/post"}],"author":[{"embeddable":true,"href":"https:\/\/webdealta.info\/index.php?rest_route=\/wp\/v2\/users\/2"}],"replies":[{"embeddable":true,"href":"https:\/\/webdealta.info\/index.php?rest_route=%2Fwp%2Fv2%2Fcomments&post=1571"}],"version-history":[{"count":1,"href":"https:\/\/webdealta.info\/index.php?rest_route=\/wp\/v2\/posts\/1571\/revisions"}],"predecessor-version":[{"id":1573,"href":"https:\/\/webdealta.info\/index.php?rest_route=\/wp\/v2\/posts\/1571\/revisions\/1573"}],"wp:featuredmedia":[{"embeddable":true,"href":"https:\/\/webdealta.info\/index.php?rest_route=\/wp\/v2\/media\/1572"}],"wp:attachment":[{"href":"https:\/\/webdealta.info\/index.php?rest_route=%2Fwp%2Fv2%2Fmedia&parent=1571"}],"wp:term":[{"taxonomy":"category","embeddable":true,"href":"https:\/\/webdealta.info\/index.php?rest_route=%2Fwp%2Fv2%2Fcategories&post=1571"},{"taxonomy":"post_tag","embeddable":true,"href":"https:\/\/webdealta.info\/index.php?rest_route=%2Fwp%2Fv2%2Ftags&post=1571"}],"curies":[{"name":"wp","href":"https:\/\/api.w.org\/{rel}","templated":true}]}}