{"id":1558,"date":"2021-02-18T08:23:07","date_gmt":"2021-02-18T12:23:07","guid":{"rendered":"https:\/\/webdealta.info\/?p=1558"},"modified":"2021-02-18T08:23:09","modified_gmt":"2021-02-18T12:23:09","slug":"sinteg-condiciona-regreso-a-clases","status":"publish","type":"post","link":"https:\/\/webdealta.info\/?p=1558","title":{"rendered":"Sinteg condiciona regreso a clases"},"content":{"rendered":"\n<p>Amanda Saldivia.-<\/p>\n\n\n\n<p>En asamblea los docentes del municipio Monagas, Gu\u00e1rico, discutir\u00e1n qu\u00e9 condiciones deben darse para retornar a las aulas, eso tras conocerse que en marzo posiblemente el Ministerio de Educaci\u00f3n convoque a los educadores a clases presenciales.<\/p>\n\n\n\n<p>Eichler Hern\u00e1ndez, Secretario Ejecutivo de Sinteg Gu\u00e1rico, sindicato afiliado a Fetraense\u00f1anza, indic\u00f3 en el programa Tiempo de Cambios por Guara\u00f1a 97.5 FM, que se celebrar\u00e1 una asamblea extraordinaria el d\u00eda martes 23 de febrero, a las 9:30 am en la Casa del Maestro en Altagracia de Orituco, con la finalidad de discutir con el gremio cu\u00e1les ser\u00edan las condiciones.<\/p>\n\n\n\n<p>Adelant\u00f3 que entre las previstas por Sinteg y las federaciones a nivel nacional est\u00e1n el pago de la deuda contractual, instalaci\u00f3n de la mesa de negociaci\u00f3n colectiva, vacunaci\u00f3n de docentes, estudiantes y comunidad educativa, programa de alimentaci\u00f3n, seguro HCM, fumigaci\u00f3n de las escuelas y las que surjan en el seno de la discusi\u00f3n en la asamblea convocada.<\/p>\n\n\n\n<p>Al preguntarle sobre el salario actual del docente, dijo que la quincena llega escasamente a un d\u00f3lar, es decir un mill\u00f3n 700 mil bol\u00edvares, lo que es pr\u00e1cticamente nada como contraprestaci\u00f3n del trabajo.<\/p>\n\n\n\n<p>@amandasaldivia<\/p>\n\n\n\n<p><\/p>\n","protected":false},"excerpt":{"rendered":"<p>Amanda Saldivia.- En asamblea los docentes del municipio Monagas, Gu\u00e1rico, discutir\u00e1n qu\u00e9 condiciones deben darse para retornar a las aulas, eso tras conocerse que en marzo posiblemente el Ministerio de Educaci\u00f3n convoque a los educadores a clases presenciales. Eichler Hern\u00e1ndez, Secretario Ejecutivo de Sinteg Gu\u00e1rico, sindicato afiliado a Fetraense\u00f1anza, indic\u00f3<\/p>\n","protected":false},"author":2,"featured_media":1559,"comment_status":"open","ping_status":"open","sticky":false,"template":"","format":"standard","meta":{"advanced_seo_description":"","jetpack_seo_html_title":"","jetpack_seo_noindex":false,"_jetpack_memberships_contains_paid_content":false,"footnotes":"","jetpack_publicize_message":"","jetpack_publicize_feature_enabled":true,"jetpack_social_post_already_shared":true,"jetpack_social_options":{"image_generator_settings":{"template":"highway","enabled":false},"version":2}},"categories":[151],"tags":[8,167,32],"class_list":["post-1558","post","type-post","status-publish","format-standard","has-post-thumbnail","hentry","category-educacion","tag-altagraciadeorituco","tag-educacion","tag-webdealta",""],"jetpack_publicize_connections":[],"jetpack_featured_media_url":"https:\/\/webdealta.info\/wp-content\/uploads\/2021\/02\/Eichler-Hernandez-sinteg-webdealta.jpg","jetpack_sharing_enabled":true,"jetpack_likes_enabled":true,"jetpack-related-posts":[],"jetpack_shortlink":"https:\/\/wp.me\/pcseDn-p8","_links":{"self":[{"href":"https:\/\/webdealta.info\/index.php?rest_route=\/wp\/v2\/posts\/1558","targetHints":{"allow":["GET"]}}],"collection":[{"href":"https:\/\/webdealta.info\/index.php?rest_route=\/wp\/v2\/posts"}],"about":[{"href":"https:\/\/webdealta.info\/index.php?rest_route=\/wp\/v2\/types\/post"}],"author":[{"embeddable":true,"href":"https:\/\/webdealta.info\/index.php?rest_route=\/wp\/v2\/users\/2"}],"replies":[{"embeddable":true,"href":"https:\/\/webdealta.info\/index.php?rest_route=%2Fwp%2Fv2%2Fcomments&post=1558"}],"version-history":[{"count":1,"href":"https:\/\/webdealta.info\/index.php?rest_route=\/wp\/v2\/posts\/1558\/revisions"}],"predecessor-version":[{"id":1560,"href":"https:\/\/webdealta.info\/index.php?rest_route=\/wp\/v2\/posts\/1558\/revisions\/1560"}],"wp:featuredmedia":[{"embeddable":true,"href":"https:\/\/webdealta.info\/index.php?rest_route=\/wp\/v2\/media\/1559"}],"wp:attachment":[{"href":"https:\/\/webdealta.info\/index.php?rest_route=%2Fwp%2Fv2%2Fmedia&parent=1558"}],"wp:term":[{"taxonomy":"category","embeddable":true,"href":"https:\/\/webdealta.info\/index.php?rest_route=%2Fwp%2Fv2%2Fcategories&post=1558"},{"taxonomy":"post_tag","embeddable":true,"href":"https:\/\/webdealta.info\/index.php?rest_route=%2Fwp%2Fv2%2Ftags&post=1558"}],"curies":[{"name":"wp","href":"https:\/\/api.w.org\/{rel}","templated":true}]}}