{"id":1554,"date":"2021-02-17T20:59:10","date_gmt":"2021-02-18T00:59:10","guid":{"rendered":"https:\/\/webdealta.info\/?p=1554"},"modified":"2021-02-17T20:59:12","modified_gmt":"2021-02-18T00:59:12","slug":"aumento-el-pasaje-y-el-servicio-es-deficiente","status":"publish","type":"post","link":"https:\/\/webdealta.info\/?p=1554","title":{"rendered":"Aument\u00f3 el pasaje y el servicio es deficiente"},"content":{"rendered":"\n<p>Amanda Saldivia.-<\/p>\n\n\n\n<p>Todo aumento de pasaje debe ir acompa\u00f1ado de mejoras que beneficien a los usuarios, esa fue la expresi\u00f3n de Lorenzo Marrero, miembro del Consejo Comunal del sector Los Jabillos de San Rafael de Orituco, al denuncia que ve con preocupaci\u00f3n que el precio se incrementa nuevamente, pero el transporte colectivo ni siquiera cubre la ruta completa.<\/p>\n\n\n\n<p>Argument\u00f3 que el pasaje Altagracia-San Rafael fue recientemente fijado en 100 mil bol\u00edvares, pero los choferes insisten en prestar el servicio hasta la plaza Bol\u00edvar de esa comunidad, cuando ya hab\u00eda un acuerdo previo de que retomar\u00edan la ruta hasta las inmediaciones de la escuela bolivariana Ezequiel Zamora, ubicada en el sector Las Casitas, por ser la zona que beneficia a mayor n\u00famero de usuarios.<\/p>\n\n\n\n<p>Otro punto expuesto por el l\u00edder vecinal, es que tampoco el servicio es prestado de manera regular, es decir no hay un horario fijo y en oportunidades las unidades llegan a la plaza Bol\u00edvar de San Rafael a las 8:00 am, lo que hace que haya acumulaci\u00f3n de usuarios y que algunos de ellos lleguen tarde a los trabajos o gestiones importantes que realizan en Altagracia.<\/p>\n\n\n\n<p>Lorenzo Marrero  coment\u00f3 que entiende que deben existir normas vinculadas a la bioseguridad, pero considera que \u00e9stas han estado enfocadas en limitar a los usuarios, quienes pagan cada d\u00eda un pasaje m\u00e1s caro, no tienen el beneficio de la ruta completa, lo que implica recorridos a pie que supera el kil\u00f3metro para llegar a la plaza Bol\u00edvar de San Rafael a abordar la unidad y se complica todav\u00eda m\u00e1s cuando regresan con las compras desde Altagracia.<\/p>\n\n\n\n<p>@amandasaldivia<\/p>\n\n\n\n<p><\/p>\n","protected":false},"excerpt":{"rendered":"<p>Amanda Saldivia.- Todo aumento de pasaje debe ir acompa\u00f1ado de mejoras que beneficien a los usuarios, esa fue la expresi\u00f3n de Lorenzo Marrero, miembro del Consejo Comunal del sector Los Jabillos de San Rafael de Orituco, al denuncia que ve con preocupaci\u00f3n que el precio se incrementa nuevamente, pero el<\/p>\n","protected":false},"author":2,"featured_media":1555,"comment_status":"open","ping_status":"open","sticky":false,"template":"","format":"standard","meta":{"advanced_seo_description":"","jetpack_seo_html_title":"","jetpack_seo_noindex":false,"_jetpack_memberships_contains_paid_content":false,"footnotes":"","jetpack_publicize_message":"","jetpack_publicize_feature_enabled":true,"jetpack_social_post_already_shared":true,"jetpack_social_options":{"image_generator_settings":{"template":"highway","enabled":false},"version":2}},"categories":[73],"tags":[166,9,32],"class_list":["post-1554","post","type-post","status-publish","format-standard","has-post-thumbnail","hentry","category-transporte-colectivo","tag-sanrafaeldeorituco","tag-transportepublico","tag-webdealta",""],"jetpack_publicize_connections":[],"jetpack_featured_media_url":"https:\/\/webdealta.info\/wp-content\/uploads\/2021\/02\/webdealta-terminal.jpg","jetpack_sharing_enabled":true,"jetpack_likes_enabled":true,"jetpack-related-posts":[],"jetpack_shortlink":"https:\/\/wp.me\/pcseDn-p4","_links":{"self":[{"href":"https:\/\/webdealta.info\/index.php?rest_route=\/wp\/v2\/posts\/1554","targetHints":{"allow":["GET"]}}],"collection":[{"href":"https:\/\/webdealta.info\/index.php?rest_route=\/wp\/v2\/posts"}],"about":[{"href":"https:\/\/webdealta.info\/index.php?rest_route=\/wp\/v2\/types\/post"}],"author":[{"embeddable":true,"href":"https:\/\/webdealta.info\/index.php?rest_route=\/wp\/v2\/users\/2"}],"replies":[{"embeddable":true,"href":"https:\/\/webdealta.info\/index.php?rest_route=%2Fwp%2Fv2%2Fcomments&post=1554"}],"version-history":[{"count":1,"href":"https:\/\/webdealta.info\/index.php?rest_route=\/wp\/v2\/posts\/1554\/revisions"}],"predecessor-version":[{"id":1556,"href":"https:\/\/webdealta.info\/index.php?rest_route=\/wp\/v2\/posts\/1554\/revisions\/1556"}],"wp:featuredmedia":[{"embeddable":true,"href":"https:\/\/webdealta.info\/index.php?rest_route=\/wp\/v2\/media\/1555"}],"wp:attachment":[{"href":"https:\/\/webdealta.info\/index.php?rest_route=%2Fwp%2Fv2%2Fmedia&parent=1554"}],"wp:term":[{"taxonomy":"category","embeddable":true,"href":"https:\/\/webdealta.info\/index.php?rest_route=%2Fwp%2Fv2%2Fcategories&post=1554"},{"taxonomy":"post_tag","embeddable":true,"href":"https:\/\/webdealta.info\/index.php?rest_route=%2Fwp%2Fv2%2Ftags&post=1554"}],"curies":[{"name":"wp","href":"https:\/\/api.w.org\/{rel}","templated":true}]}}