{"id":1532,"date":"2021-02-16T18:08:33","date_gmt":"2021-02-16T22:08:33","guid":{"rendered":"https:\/\/webdealta.info\/?p=1532"},"modified":"2021-02-16T18:08:36","modified_gmt":"2021-02-16T22:08:36","slug":"tres-eucaristias-el-miercoles-de-ceniza","status":"publish","type":"post","link":"https:\/\/webdealta.info\/?p=1532","title":{"rendered":"Tres eucarist\u00edas el Mi\u00e9rcoles de Ceniza"},"content":{"rendered":"\n<p>Amanda Saldivia.-<\/p>\n\n\n\n<p>Con tres eucarist\u00edas la parroquia Nuestra Se\u00f1ora de Altagracia celebra ma\u00f1ana el Mi\u00e9rcoles de Ceniza, el cual mediante la imposici\u00f3n de la cruz en la frente recuerda que la Iglesia llama a vivir el Misterio Pascual con la frase \u201cconvert\u00edos y creed en el evangelio\u201d, seguido de otra expresi\u00f3n que dice \u201cAcu\u00e9rdate que eres polvo y al polvo volver\u00e1s\u201d.<\/p>\n\n\n\n<p>Este mi\u00e9rcoles ser\u00e1n oficiar\u00e1 tres eucarist\u00edas, la primera a las 7:00 am en el Iglesia Nuestra Se\u00f1ora de Altagracia, a las 9:00 am en la comunidad de Guaiquer\u00edes, capilla Gran Poder de Dios y a las 11:00 am en la comunidad de El Diamante, espec\u00edficamente en la cancha del IUT de los Llanos.<\/p>\n\n\n\n<p>Con la imposici\u00f3n de la cruz de cenizas, comienza la preparaci\u00f3n espiritual para todos los cristianos, porque trata de vivir el Ministerio Pascual, es decir la Pasi\u00f3n, Muerte y Resurrecci\u00f3n del Se\u00f1or Jesucristo. Las cenizas son obtenidas al quemar las palmas usadas el Domingo de Ramos del a\u00f1o anterior.<\/p>\n\n\n\n<p>Habr\u00e1 restricciones para cumplir con las medidas de bioseguridad, entre ellas el aforo ser\u00e1 de un m\u00e1ximo de 80 personas y el uso del tapabocas es obligatorio.<\/p>\n\n\n\n<p>@amandasaldivia<\/p>\n\n\n\n<p><\/p>\n","protected":false},"excerpt":{"rendered":"<p>Amanda Saldivia.- Con tres eucarist\u00edas la parroquia Nuestra Se\u00f1ora de Altagracia celebra ma\u00f1ana el Mi\u00e9rcoles de Ceniza, el cual mediante la imposici\u00f3n de la cruz en la frente recuerda que la Iglesia llama a vivir el Misterio Pascual con la frase \u201cconvert\u00edos y creed en el evangelio\u201d, seguido de otra<\/p>\n","protected":false},"author":2,"featured_media":1533,"comment_status":"open","ping_status":"open","sticky":false,"template":"","format":"standard","meta":{"advanced_seo_description":"","jetpack_seo_html_title":"","jetpack_seo_noindex":false,"_jetpack_memberships_contains_paid_content":false,"footnotes":"","jetpack_publicize_message":"","jetpack_publicize_feature_enabled":true,"jetpack_social_post_already_shared":true,"jetpack_social_options":{"image_generator_settings":{"template":"highway","enabled":false},"version":2}},"categories":[42],"tags":[8,165,32],"class_list":["post-1532","post","type-post","status-publish","format-standard","has-post-thumbnail","hentry","category-iglesia-catolica","tag-altagraciadeorituco","tag-miercolesdeceniza","tag-webdealta",""],"jetpack_publicize_connections":[],"jetpack_featured_media_url":"https:\/\/webdealta.info\/wp-content\/uploads\/2021\/02\/Iglesia-nuestra-senora-de-altagracia-Webdealta.jpg","jetpack_sharing_enabled":true,"jetpack_likes_enabled":true,"jetpack-related-posts":[],"jetpack_shortlink":"https:\/\/wp.me\/pcseDn-oI","_links":{"self":[{"href":"https:\/\/webdealta.info\/index.php?rest_route=\/wp\/v2\/posts\/1532","targetHints":{"allow":["GET"]}}],"collection":[{"href":"https:\/\/webdealta.info\/index.php?rest_route=\/wp\/v2\/posts"}],"about":[{"href":"https:\/\/webdealta.info\/index.php?rest_route=\/wp\/v2\/types\/post"}],"author":[{"embeddable":true,"href":"https:\/\/webdealta.info\/index.php?rest_route=\/wp\/v2\/users\/2"}],"replies":[{"embeddable":true,"href":"https:\/\/webdealta.info\/index.php?rest_route=%2Fwp%2Fv2%2Fcomments&post=1532"}],"version-history":[{"count":1,"href":"https:\/\/webdealta.info\/index.php?rest_route=\/wp\/v2\/posts\/1532\/revisions"}],"predecessor-version":[{"id":1534,"href":"https:\/\/webdealta.info\/index.php?rest_route=\/wp\/v2\/posts\/1532\/revisions\/1534"}],"wp:featuredmedia":[{"embeddable":true,"href":"https:\/\/webdealta.info\/index.php?rest_route=\/wp\/v2\/media\/1533"}],"wp:attachment":[{"href":"https:\/\/webdealta.info\/index.php?rest_route=%2Fwp%2Fv2%2Fmedia&parent=1532"}],"wp:term":[{"taxonomy":"category","embeddable":true,"href":"https:\/\/webdealta.info\/index.php?rest_route=%2Fwp%2Fv2%2Fcategories&post=1532"},{"taxonomy":"post_tag","embeddable":true,"href":"https:\/\/webdealta.info\/index.php?rest_route=%2Fwp%2Fv2%2Ftags&post=1532"}],"curies":[{"name":"wp","href":"https:\/\/api.w.org\/{rel}","templated":true}]}}