{"id":1524,"date":"2021-02-15T21:54:36","date_gmt":"2021-02-16T01:54:36","guid":{"rendered":"https:\/\/webdealta.info\/?p=1524"},"modified":"2021-02-15T21:54:38","modified_gmt":"2021-02-16T01:54:38","slug":"fallecio-paciente-con-posible-covid-19","status":"publish","type":"post","link":"https:\/\/webdealta.info\/?p=1524","title":{"rendered":"Falleci\u00f3 paciente con posible covid-19"},"content":{"rendered":"\n<p>Amanda Saldivia.-<\/p>\n\n\n\n<p>Un hombre de 53 a\u00f1os de edad, quien se encontraba recluido en la Sala de Aislamiento del hospital Dr. Jos\u00e9 Francisco Torrealba de Altagracia de Orituco, Gu\u00e1rico, falleci\u00f3 hoy tras presentar complicaciones asociadas al covid-19.<\/p>\n\n\n\n<p>La informaci\u00f3n fue confirmada por el Dr. Arqu\u00edmedes M\u00e1rquez, Autoridad \u00danica de Salud del municipio Monagas, quien indic\u00f3 que el paciente ingres\u00f3 d\u00edas antes al hospital proveniente de la poblaci\u00f3n de Valle de Guanape, estado Anzo\u00e1tegui.<\/p>\n\n\n\n<p>Dijo que aunque dio positivo a la prueba r\u00e1pida, el caso tiene que reportarse como sospechoso hasta el momento, porque falta el resultado de la prueba molecular (PCR), la cual dar\u00eda la confirmaci\u00f3n si efectivamente falleci\u00f3 por complicaciones tras contagiarse del virus covid-19.<\/p>\n\n\n\n<p>Agreg\u00f3 la autoridad \u00fanica de salud, que a la fecha hay dos personas en la sala de aislamiento, una se\u00f1ora de 83 a\u00f1os de edad proveniente de Taguay, estado Aragua y un paciente de Altagracia, que fue ingresado en la noche del pasado domingo.<\/p>\n\n\n\n<p>@amandasaldivia<\/p>\n\n\n\n<p><\/p>\n","protected":false},"excerpt":{"rendered":"<p>Amanda Saldivia.- Un hombre de 53 a\u00f1os de edad, quien se encontraba recluido en la Sala de Aislamiento del hospital Dr. Jos\u00e9 Francisco Torrealba de Altagracia de Orituco, Gu\u00e1rico, falleci\u00f3 hoy tras presentar complicaciones asociadas al covid-19. La informaci\u00f3n fue confirmada por el Dr. Arqu\u00edmedes M\u00e1rquez, Autoridad \u00danica de Salud<\/p>\n","protected":false},"author":2,"featured_media":1084,"comment_status":"open","ping_status":"open","sticky":false,"template":"","format":"standard","meta":{"advanced_seo_description":"","jetpack_seo_html_title":"","jetpack_seo_noindex":false,"_jetpack_memberships_contains_paid_content":false,"footnotes":"","jetpack_publicize_message":"","jetpack_publicize_feature_enabled":true,"jetpack_social_post_already_shared":true,"jetpack_social_options":{"image_generator_settings":{"template":"highway","enabled":false},"version":2}},"categories":[12],"tags":[8,11,32],"class_list":["post-1524","post","type-post","status-publish","format-standard","has-post-thumbnail","hentry","category-salud","tag-altagraciadeorituco","tag-covid19","tag-webdealta",""],"jetpack_publicize_connections":[],"jetpack_featured_media_url":"https:\/\/webdealta.info\/wp-content\/uploads\/2020\/12\/Hospital-de-Altagracia-webdealta.jpeg","jetpack_sharing_enabled":true,"jetpack_likes_enabled":true,"jetpack-related-posts":[],"jetpack_shortlink":"https:\/\/wp.me\/pcseDn-oA","_links":{"self":[{"href":"https:\/\/webdealta.info\/index.php?rest_route=\/wp\/v2\/posts\/1524","targetHints":{"allow":["GET"]}}],"collection":[{"href":"https:\/\/webdealta.info\/index.php?rest_route=\/wp\/v2\/posts"}],"about":[{"href":"https:\/\/webdealta.info\/index.php?rest_route=\/wp\/v2\/types\/post"}],"author":[{"embeddable":true,"href":"https:\/\/webdealta.info\/index.php?rest_route=\/wp\/v2\/users\/2"}],"replies":[{"embeddable":true,"href":"https:\/\/webdealta.info\/index.php?rest_route=%2Fwp%2Fv2%2Fcomments&post=1524"}],"version-history":[{"count":1,"href":"https:\/\/webdealta.info\/index.php?rest_route=\/wp\/v2\/posts\/1524\/revisions"}],"predecessor-version":[{"id":1525,"href":"https:\/\/webdealta.info\/index.php?rest_route=\/wp\/v2\/posts\/1524\/revisions\/1525"}],"wp:featuredmedia":[{"embeddable":true,"href":"https:\/\/webdealta.info\/index.php?rest_route=\/wp\/v2\/media\/1084"}],"wp:attachment":[{"href":"https:\/\/webdealta.info\/index.php?rest_route=%2Fwp%2Fv2%2Fmedia&parent=1524"}],"wp:term":[{"taxonomy":"category","embeddable":true,"href":"https:\/\/webdealta.info\/index.php?rest_route=%2Fwp%2Fv2%2Fcategories&post=1524"},{"taxonomy":"post_tag","embeddable":true,"href":"https:\/\/webdealta.info\/index.php?rest_route=%2Fwp%2Fv2%2Ftags&post=1524"}],"curies":[{"name":"wp","href":"https:\/\/api.w.org\/{rel}","templated":true}]}}