{"id":1513,"date":"2021-02-15T14:50:38","date_gmt":"2021-02-15T18:50:38","guid":{"rendered":"https:\/\/webdealta.info\/?p=1513"},"modified":"2021-02-15T14:50:42","modified_gmt":"2021-02-15T18:50:42","slug":"fundasolez-inicia-mejoras-en-el-ambulatorio-de-lezama","status":"publish","type":"post","link":"https:\/\/webdealta.info\/?p=1513","title":{"rendered":"Fundasolez inicia mejoras en el ambulatorio de Lezama"},"content":{"rendered":"\n<p>Amanda Saldivia.-<\/p>\n\n\n\n<p>La Fundaci\u00f3n Solidarios con Lezama es una naciente organizaci\u00f3n integrada en su mayor\u00eda por j\u00f3venes de esa poblaci\u00f3n del municipio Monagas, Gu\u00e1rico, quienes quieren transformar la dif\u00edcil situaci\u00f3n que les ha tocado vivir producto de la crisis, la cual se evidencia en los precarios servicios p\u00fablicos, algunos inexistentes como es el caso del aseo urbano, y el deterioro de las instalaciones, entre ellas el ambulatorio Dr. Sim\u00f3n P\u00e9rez P\u00e9rez.<\/p>\n\n\n\n<p>Luis Fern\u00e1ndez, en declaraciones ofrecida a la Web de Altagracia, inform\u00f3 que como integrante de la comisi\u00f3n de Servicios P\u00fablicos de Fundasolez, siglas que identifican a la fundaci\u00f3n, realizaron labores en el ambulatorio para impulsar que haya nuevamente el equipo de salud completo, ya que actualmente solo est\u00e1n las enfermeras con la atenci\u00f3n de vacunas, pero no hay m\u00e9dicos que pasen consulta, ni est\u00e1n en funcionamiento el resto de las \u00e1reas.<\/p>\n\n\n\n<p>Precis\u00f3 que este domingo 14 de febrero, el equipo de Fundasolez instal\u00f3 un nuevo cilindro en la puerta principal para dar mayor seguridad, as\u00ed como tambi\u00e9n se evalu\u00f3 el sistema de distribuci\u00f3n de agua potable, a los fines de repararlo y que el ambulatorio cuente nuevamente con el suministro de este importante servicio p\u00fablico.<\/p>\n\n\n\n<p>Agreg\u00f3 que representantes de la coordinaci\u00f3n de salud estuvieron la semana pasada en esas instalaciones y la intenci\u00f3n de la fundaci\u00f3n es coordinar conjuntamente con ellos las mejoras que se puedan realizar, adem\u00e1s de lograr que \u201ctodo el que se quiera sumar a ayudar, a las mejoras de cualquier tipo con respecto a la salud de los habitantes de nuestra comunidad y de quienes lo ameriten, son bienvenidos\u201d.<\/p>\n\n\n\n<p>@amandasaldivia<\/p>\n\n\n\n<figure class=\"wp-block-image size-large\"><img loading=\"lazy\" decoding=\"async\" width=\"1024\" height=\"546\" src=\"https:\/\/webdealta.info\/wp-content\/uploads\/2021\/02\/fachada-ambulatorio-webdealta-1024x546.jpeg\" alt=\"\" class=\"wp-image-1515\" srcset=\"https:\/\/webdealta.info\/wp-content\/uploads\/2021\/02\/fachada-ambulatorio-webdealta.jpeg 1024w, https:\/\/webdealta.info\/wp-content\/uploads\/2021\/02\/fachada-ambulatorio-webdealta.jpeg 300w, https:\/\/webdealta.info\/wp-content\/uploads\/2021\/02\/fachada-ambulatorio-webdealta.jpeg 768w, https:\/\/webdealta.info\/wp-content\/uploads\/2021\/02\/fachada-ambulatorio-webdealta.jpeg 1170w, https:\/\/webdealta.info\/wp-content\/uploads\/2021\/02\/fachada-ambulatorio-webdealta.jpeg 1500w, https:\/\/webdealta.info\/wp-content\/uploads\/2021\/02\/fachada-ambulatorio-webdealta.jpeg 1280w\" sizes=\"auto, (max-width: 640px) 100vw, 640px\" \/><figcaption>Ambulatorio Dr. Sim\u00f3n P\u00e9rez P\u00e9rez. foto cortes\u00eda de Fundasolez. <\/figcaption><\/figure>\n","protected":false},"excerpt":{"rendered":"<p>Amanda Saldivia.- La Fundaci\u00f3n Solidarios con Lezama es una naciente organizaci\u00f3n integrada en su mayor\u00eda por j\u00f3venes de esa poblaci\u00f3n del municipio Monagas, Gu\u00e1rico, quienes quieren transformar la dif\u00edcil situaci\u00f3n que les ha tocado vivir producto de la crisis, la cual se evidencia en los precarios servicios p\u00fablicos, algunos inexistentes<\/p>\n","protected":false},"author":2,"featured_media":1514,"comment_status":"open","ping_status":"open","sticky":false,"template":"","format":"standard","meta":{"advanced_seo_description":"","jetpack_seo_html_title":"","jetpack_seo_noindex":false,"_jetpack_memberships_contains_paid_content":false,"footnotes":"","jetpack_publicize_message":"","jetpack_publicize_feature_enabled":true,"jetpack_social_post_already_shared":true,"jetpack_social_options":{"image_generator_settings":{"template":"highway","enabled":false},"version":2}},"categories":[50],"tags":[161,162,32],"class_list":["post-1513","post","type-post","status-publish","format-standard","has-post-thumbnail","hentry","category-iniciativas-ciudadanas","tag-fundasolez","tag-lezamadeorituco","tag-webdealta",""],"jetpack_publicize_connections":[],"jetpack_featured_media_url":"https:\/\/webdealta.info\/wp-content\/uploads\/2021\/02\/logo-Fundasolez-webdealta.jpeg","jetpack_sharing_enabled":true,"jetpack_likes_enabled":true,"jetpack-related-posts":[],"jetpack_shortlink":"https:\/\/wp.me\/pcseDn-op","_links":{"self":[{"href":"https:\/\/webdealta.info\/index.php?rest_route=\/wp\/v2\/posts\/1513","targetHints":{"allow":["GET"]}}],"collection":[{"href":"https:\/\/webdealta.info\/index.php?rest_route=\/wp\/v2\/posts"}],"about":[{"href":"https:\/\/webdealta.info\/index.php?rest_route=\/wp\/v2\/types\/post"}],"author":[{"embeddable":true,"href":"https:\/\/webdealta.info\/index.php?rest_route=\/wp\/v2\/users\/2"}],"replies":[{"embeddable":true,"href":"https:\/\/webdealta.info\/index.php?rest_route=%2Fwp%2Fv2%2Fcomments&post=1513"}],"version-history":[{"count":1,"href":"https:\/\/webdealta.info\/index.php?rest_route=\/wp\/v2\/posts\/1513\/revisions"}],"predecessor-version":[{"id":1516,"href":"https:\/\/webdealta.info\/index.php?rest_route=\/wp\/v2\/posts\/1513\/revisions\/1516"}],"wp:featuredmedia":[{"embeddable":true,"href":"https:\/\/webdealta.info\/index.php?rest_route=\/wp\/v2\/media\/1514"}],"wp:attachment":[{"href":"https:\/\/webdealta.info\/index.php?rest_route=%2Fwp%2Fv2%2Fmedia&parent=1513"}],"wp:term":[{"taxonomy":"category","embeddable":true,"href":"https:\/\/webdealta.info\/index.php?rest_route=%2Fwp%2Fv2%2Fcategories&post=1513"},{"taxonomy":"post_tag","embeddable":true,"href":"https:\/\/webdealta.info\/index.php?rest_route=%2Fwp%2Fv2%2Ftags&post=1513"}],"curies":[{"name":"wp","href":"https:\/\/api.w.org\/{rel}","templated":true}]}}