{"id":1497,"date":"2021-02-12T13:39:31","date_gmt":"2021-02-12T17:39:31","guid":{"rendered":"https:\/\/webdealta.info\/?p=1497"},"modified":"2021-02-12T13:39:32","modified_gmt":"2021-02-12T17:39:32","slug":"todavia-faltan-18-mil-personas-por-vacunar","status":"publish","type":"post","link":"https:\/\/webdealta.info\/?p=1497","title":{"rendered":"Todav\u00eda faltan 18 mil personas por vacunar"},"content":{"rendered":"\n<p>Amanda Saldivia<\/p>\n\n\n\n<p>De acuerdo al reporte de la coordinaci\u00f3n del Programa Ampliado de Inmunizaciones PAI, en el municipio Monagas, Gu\u00e1rico, 22 mil 386 personas han sido vacunadas contra la fiebre amarilla desde que se inici\u00f3 la jornada el 15 de noviembre de 2020.<\/p>\n\n\n\n<p>La licenciada Milagros Avilez, adjunta a la coordinaci\u00f3n del PAI, dijo que la meta total es vacunar a 41 mil 372 personas, cuyas edades oscilan entre los 2 y los 59 a\u00f1os de edad, cifra que cumplir\u00e1n gracias al despliegue del personal de salud, el cual incluso est\u00e1 en sitios concurridos, tal como es el caso de la estaci\u00f3n de servicios Urimare, el sector Saladillo, adem\u00e1s del abordaje al resto de la parroquias que conforman el municipio Monagas.<\/p>\n\n\n\n<p>Inst\u00f3 a la poblaci\u00f3n a vacunarse en esos puntos o directamente a la red ambulatoria de salud.<\/p>\n\n\n\n<p>@amandasaldivia<\/p>\n\n\n\n<p><\/p>\n\n\n\n<p><\/p>\n","protected":false},"excerpt":{"rendered":"<p>Amanda Saldivia De acuerdo al reporte de la coordinaci\u00f3n del Programa Ampliado de Inmunizaciones PAI, en el municipio Monagas, Gu\u00e1rico, 22 mil 386 personas han sido vacunadas contra la fiebre amarilla desde que se inici\u00f3 la jornada el 15 de noviembre de 2020. La licenciada Milagros Avilez, adjunta a la<\/p>\n","protected":false},"author":2,"featured_media":1498,"comment_status":"open","ping_status":"open","sticky":false,"template":"","format":"standard","meta":{"advanced_seo_description":"","jetpack_seo_html_title":"","jetpack_seo_noindex":false,"_jetpack_memberships_contains_paid_content":false,"footnotes":"","jetpack_publicize_message":"","jetpack_publicize_feature_enabled":true,"jetpack_social_post_already_shared":true,"jetpack_social_options":{"image_generator_settings":{"template":"highway","enabled":false},"version":2}},"categories":[12],"tags":[8,158,32],"class_list":["post-1497","post","type-post","status-publish","format-standard","has-post-thumbnail","hentry","category-salud","tag-altagraciadeorituco","tag-fiebreamarilla","tag-webdealta",""],"jetpack_publicize_connections":[],"jetpack_featured_media_url":"https:\/\/webdealta.info\/wp-content\/uploads\/2021\/02\/Jornada-de-vacunacion-webdealta.jpeg","jetpack_sharing_enabled":true,"jetpack_likes_enabled":true,"jetpack-related-posts":[],"jetpack_shortlink":"https:\/\/wp.me\/pcseDn-o9","_links":{"self":[{"href":"https:\/\/webdealta.info\/index.php?rest_route=\/wp\/v2\/posts\/1497","targetHints":{"allow":["GET"]}}],"collection":[{"href":"https:\/\/webdealta.info\/index.php?rest_route=\/wp\/v2\/posts"}],"about":[{"href":"https:\/\/webdealta.info\/index.php?rest_route=\/wp\/v2\/types\/post"}],"author":[{"embeddable":true,"href":"https:\/\/webdealta.info\/index.php?rest_route=\/wp\/v2\/users\/2"}],"replies":[{"embeddable":true,"href":"https:\/\/webdealta.info\/index.php?rest_route=%2Fwp%2Fv2%2Fcomments&post=1497"}],"version-history":[{"count":1,"href":"https:\/\/webdealta.info\/index.php?rest_route=\/wp\/v2\/posts\/1497\/revisions"}],"predecessor-version":[{"id":1499,"href":"https:\/\/webdealta.info\/index.php?rest_route=\/wp\/v2\/posts\/1497\/revisions\/1499"}],"wp:featuredmedia":[{"embeddable":true,"href":"https:\/\/webdealta.info\/index.php?rest_route=\/wp\/v2\/media\/1498"}],"wp:attachment":[{"href":"https:\/\/webdealta.info\/index.php?rest_route=%2Fwp%2Fv2%2Fmedia&parent=1497"}],"wp:term":[{"taxonomy":"category","embeddable":true,"href":"https:\/\/webdealta.info\/index.php?rest_route=%2Fwp%2Fv2%2Fcategories&post=1497"},{"taxonomy":"post_tag","embeddable":true,"href":"https:\/\/webdealta.info\/index.php?rest_route=%2Fwp%2Fv2%2Ftags&post=1497"}],"curies":[{"name":"wp","href":"https:\/\/api.w.org\/{rel}","templated":true}]}}