{"id":1493,"date":"2021-02-12T11:10:44","date_gmt":"2021-02-12T15:10:44","guid":{"rendered":"https:\/\/webdealta.info\/?p=1493"},"modified":"2021-02-12T11:10:47","modified_gmt":"2021-02-12T15:10:47","slug":"accion-democratica-presenta-nueva-directiva","status":"publish","type":"post","link":"https:\/\/webdealta.info\/?p=1493","title":{"rendered":"Acci\u00f3n Democr\u00e1tica presenta nueva directiva"},"content":{"rendered":"\n<p>Amanda Saldivia<\/p>\n\n\n\n<p>Tras la decisi\u00f3n del Tribunal Supremo de Justicia de otorgarle a Bernab\u00e9 Guti\u00e9rrez el control de Acci\u00f3n Democr\u00e1tica, en todo el pa\u00eds comenz\u00f3 un proceso que algunos catalogan como divisi\u00f3n del partido, otros como colaboracionistas del gobierno, pero al final se concretan nuevas directivas de esa organizaci\u00f3n pol\u00edtica y en Altagracia de Orituco, Gu\u00e1rico, ese cambio tambi\u00e9n se llev\u00f3 a cabo.<\/p>\n\n\n\n<p>La designaci\u00f3n por parte de la dirigencia regional recay\u00f3 en el municipio Monagas en Gustavo Bol\u00edvar, Secretario &nbsp;General; Eufrasio Rodr\u00edguez, Subsecretario General; &nbsp;Juan Gonz\u00e1lez, Secretario de Organizaci\u00f3n; Luisa Solano, Secretaria Pol\u00edtica; Eichler Hern\u00e1ndez, Secretario Sindical; Liley Rever\u00f3n, Secretaria de Educaci\u00f3n; Henry Rojas, Secretario Agrario; Miguel Melo, Secretario Juvenil y Angelimar Castrillo, Secretaria de Cultura.<\/p>\n\n\n\n<p>Al preguntarles sobre lo que algunos consideran una divisi\u00f3n, dijeron que no, porque la decisi\u00f3n del TSJ le da la potestad a Bernab\u00e9 Guti\u00e9rrez, quien pertenece a Acci\u00f3n Democr\u00e1tica e insistieron en llamar al resto de la militancia de esta regi\u00f3n a entender que deben prepararse para participar electoralmente, presentar propuestas de cambio ante la situaci\u00f3n actual del pa\u00eds.<\/p>\n\n\n\n<p>Entre las primeras acciones est\u00e1 reuniones en los sectores para el acercamiento directo con la militancia, diagn\u00f3stico del municipio Monagas y la elaboraci\u00f3n de proyectos para resolver problemas de larga data, entre ellos la situaci\u00f3n del agua potable.<\/p>\n\n\n\n<p>La sede provisional del Acci\u00f3n Democr\u00e1tica est\u00e1 ubicada en la calle Chapaiguana, entre Ayacucho y Juli\u00e1n Infante.<\/p>\n\n\n\n<p>@amandasaldivia<\/p>\n\n\n\n<p><\/p>\n","protected":false},"excerpt":{"rendered":"<p>Amanda Saldivia Tras la decisi\u00f3n del Tribunal Supremo de Justicia de otorgarle a Bernab\u00e9 Guti\u00e9rrez el control de Acci\u00f3n Democr\u00e1tica, en todo el pa\u00eds comenz\u00f3 un proceso que algunos catalogan como divisi\u00f3n del partido, otros como colaboracionistas del gobierno, pero al final se concretan nuevas directivas de esa organizaci\u00f3n pol\u00edtica<\/p>\n","protected":false},"author":2,"featured_media":1494,"comment_status":"open","ping_status":"open","sticky":false,"template":"","format":"standard","meta":{"advanced_seo_description":"","jetpack_seo_html_title":"","jetpack_seo_noindex":false,"_jetpack_memberships_contains_paid_content":false,"footnotes":"","jetpack_publicize_message":"","jetpack_publicize_feature_enabled":true,"jetpack_social_post_already_shared":true,"jetpack_social_options":{"image_generator_settings":{"template":"highway","enabled":false},"version":2}},"categories":[142],"tags":[157,8,32],"class_list":["post-1493","post","type-post","status-publish","format-standard","has-post-thumbnail","hentry","category-politica","tag-ad","tag-altagraciadeorituco","tag-webdealta",""],"jetpack_publicize_connections":[],"jetpack_featured_media_url":"https:\/\/webdealta.info\/wp-content\/uploads\/2021\/02\/AD-Altagracia-webdealta.jpeg","jetpack_sharing_enabled":true,"jetpack_likes_enabled":true,"jetpack-related-posts":[],"jetpack_shortlink":"https:\/\/wp.me\/pcseDn-o5","_links":{"self":[{"href":"https:\/\/webdealta.info\/index.php?rest_route=\/wp\/v2\/posts\/1493","targetHints":{"allow":["GET"]}}],"collection":[{"href":"https:\/\/webdealta.info\/index.php?rest_route=\/wp\/v2\/posts"}],"about":[{"href":"https:\/\/webdealta.info\/index.php?rest_route=\/wp\/v2\/types\/post"}],"author":[{"embeddable":true,"href":"https:\/\/webdealta.info\/index.php?rest_route=\/wp\/v2\/users\/2"}],"replies":[{"embeddable":true,"href":"https:\/\/webdealta.info\/index.php?rest_route=%2Fwp%2Fv2%2Fcomments&post=1493"}],"version-history":[{"count":1,"href":"https:\/\/webdealta.info\/index.php?rest_route=\/wp\/v2\/posts\/1493\/revisions"}],"predecessor-version":[{"id":1495,"href":"https:\/\/webdealta.info\/index.php?rest_route=\/wp\/v2\/posts\/1493\/revisions\/1495"}],"wp:featuredmedia":[{"embeddable":true,"href":"https:\/\/webdealta.info\/index.php?rest_route=\/wp\/v2\/media\/1494"}],"wp:attachment":[{"href":"https:\/\/webdealta.info\/index.php?rest_route=%2Fwp%2Fv2%2Fmedia&parent=1493"}],"wp:term":[{"taxonomy":"category","embeddable":true,"href":"https:\/\/webdealta.info\/index.php?rest_route=%2Fwp%2Fv2%2Fcategories&post=1493"},{"taxonomy":"post_tag","embeddable":true,"href":"https:\/\/webdealta.info\/index.php?rest_route=%2Fwp%2Fv2%2Ftags&post=1493"}],"curies":[{"name":"wp","href":"https:\/\/api.w.org\/{rel}","templated":true}]}}