{"id":1476,"date":"2021-02-09T22:39:14","date_gmt":"2021-02-10T02:39:14","guid":{"rendered":"https:\/\/webdealta.info\/?p=1476"},"modified":"2021-02-09T22:43:15","modified_gmt":"2021-02-10T02:43:15","slug":"paural-i-protesto-los-cambios-en-la-sectorizacion","status":"publish","type":"post","link":"https:\/\/webdealta.info\/?p=1476","title":{"rendered":"Paural I protest\u00f3 por cambios en la sectorizaci\u00f3n"},"content":{"rendered":"\n<p>Amanda Saldivia<\/p>\n\n\n\n<p>Una protesta pac\u00edfica protagoniz\u00f3 la comunidad de Paural I, en la ma\u00f1ana de este martes nueve de febrero, al conocer que hubo cambios en la sectorizaci\u00f3n y que el agua potable en lugar de llegar ese d\u00eda, ahora ser\u00e1 los viernes, eso de acuerdo al anuncio realizado por la alcald\u00eda del municipio Monagas.<\/p>\n\n\n\n<p>En la calle principal de esa comunidad se reunieron los vecinos y con carteles en mano que dec\u00edan \u201cQuiero agua hoy\u201d, \u201cPaural est\u00e1 cansado de tantos atropellos\u201d, \u201cAgua para hoy martes\u201d y \u201cQueremos y exigimos agua\u201d, animaron al resto para que estamparan las firmas de respaldo de la comunicaci\u00f3n que ser\u00e1 entregada este mi\u00e9rcoles ante la Direcci\u00f3n de Servicios P\u00fablicos, en la cual expresan que decisiones como esas debe ser consultadas, porque ya es dif\u00edcil esperar el suministro cada ocho d\u00edas, para que decidan extenderlos por m\u00e1s tiempo esta semana motivado a los cambios en la sectorizaci\u00f3n.<\/p>\n\n\n\n<p>Hilda Carpio, vecina de Paural I, dijo que reconoce que la problem\u00e1tica del agua es compleja, pero considera inaceptable que se tomen decisiones, sin consultar a la comunidad y reclam\u00f3 que \u201cno avisaron con tiempo y ahora publican que es para el viernes, la comunidad est\u00e1 molesta y por eso sale a protestar, hasta cu\u00e1ndo cambian la programaci\u00f3n, queremos agua hoy, la mayor\u00eda de los habitantes somos adultos mayores\u201d.<\/p>\n\n\n\n<p>@amandasaldivia<\/p>\n\n\n\n<figure class=\"wp-block-image size-large\"><img loading=\"lazy\" decoding=\"async\" width=\"768\" height=\"1024\" src=\"https:\/\/webdealta.info\/wp-content\/uploads\/2021\/02\/Hilda-Carpio-webdealta-768x1024.jpeg\" alt=\"\" class=\"wp-image-1478\" srcset=\"https:\/\/webdealta.info\/wp-content\/uploads\/2021\/02\/Hilda-Carpio-webdealta.jpeg 768w, https:\/\/webdealta.info\/wp-content\/uploads\/2021\/02\/Hilda-Carpio-webdealta.jpeg 225w, https:\/\/webdealta.info\/wp-content\/uploads\/2021\/02\/Hilda-Carpio-webdealta.jpeg 774w\" sizes=\"auto, (max-width: 640px) 100vw, 640px\" \/><figcaption>Hilda Carpio, considera que los cambios deben ser consultados<\/figcaption><\/figure>\n","protected":false},"excerpt":{"rendered":"<p>Amanda Saldivia Una protesta pac\u00edfica protagoniz\u00f3 la comunidad de Paural I, en la ma\u00f1ana de este martes nueve de febrero, al conocer que hubo cambios en la sectorizaci\u00f3n y que el agua potable en lugar de llegar ese d\u00eda, ahora ser\u00e1 los viernes, eso de acuerdo al anuncio realizado por<\/p>\n","protected":false},"author":2,"featured_media":1477,"comment_status":"open","ping_status":"open","sticky":false,"template":"","format":"standard","meta":{"advanced_seo_description":"","jetpack_seo_html_title":"","jetpack_seo_noindex":false,"_jetpack_memberships_contains_paid_content":false,"footnotes":"","jetpack_publicize_message":"","jetpack_publicize_feature_enabled":true,"jetpack_social_post_already_shared":true,"jetpack_social_options":{"image_generator_settings":{"template":"highway","enabled":false},"version":2}},"categories":[14],"tags":[8,141,32],"class_list":["post-1476","post","type-post","status-publish","format-standard","has-post-thumbnail","hentry","category-protesta","tag-altagraciadeorituco","tag-sinagua","tag-webdealta",""],"jetpack_publicize_connections":[],"jetpack_featured_media_url":"https:\/\/webdealta.info\/wp-content\/uploads\/2021\/02\/protesta-Paural-.jpg","jetpack_sharing_enabled":true,"jetpack_likes_enabled":true,"jetpack-related-posts":[],"jetpack_shortlink":"https:\/\/wp.me\/pcseDn-nO","_links":{"self":[{"href":"https:\/\/webdealta.info\/index.php?rest_route=\/wp\/v2\/posts\/1476","targetHints":{"allow":["GET"]}}],"collection":[{"href":"https:\/\/webdealta.info\/index.php?rest_route=\/wp\/v2\/posts"}],"about":[{"href":"https:\/\/webdealta.info\/index.php?rest_route=\/wp\/v2\/types\/post"}],"author":[{"embeddable":true,"href":"https:\/\/webdealta.info\/index.php?rest_route=\/wp\/v2\/users\/2"}],"replies":[{"embeddable":true,"href":"https:\/\/webdealta.info\/index.php?rest_route=%2Fwp%2Fv2%2Fcomments&post=1476"}],"version-history":[{"count":2,"href":"https:\/\/webdealta.info\/index.php?rest_route=\/wp\/v2\/posts\/1476\/revisions"}],"predecessor-version":[{"id":1480,"href":"https:\/\/webdealta.info\/index.php?rest_route=\/wp\/v2\/posts\/1476\/revisions\/1480"}],"wp:featuredmedia":[{"embeddable":true,"href":"https:\/\/webdealta.info\/index.php?rest_route=\/wp\/v2\/media\/1477"}],"wp:attachment":[{"href":"https:\/\/webdealta.info\/index.php?rest_route=%2Fwp%2Fv2%2Fmedia&parent=1476"}],"wp:term":[{"taxonomy":"category","embeddable":true,"href":"https:\/\/webdealta.info\/index.php?rest_route=%2Fwp%2Fv2%2Fcategories&post=1476"},{"taxonomy":"post_tag","embeddable":true,"href":"https:\/\/webdealta.info\/index.php?rest_route=%2Fwp%2Fv2%2Ftags&post=1476"}],"curies":[{"name":"wp","href":"https:\/\/api.w.org\/{rel}","templated":true}]}}