{"id":1442,"date":"2021-02-06T17:07:32","date_gmt":"2021-02-06T21:07:32","guid":{"rendered":"https:\/\/webdealta.info\/?p=1442"},"modified":"2021-02-06T17:07:34","modified_gmt":"2021-02-06T21:07:34","slug":"mas-afecciones-respiratorias-por-incendios-forestales","status":"publish","type":"post","link":"https:\/\/webdealta.info\/?p=1442","title":{"rendered":"M\u00e1s afecciones respiratorias por incendios forestales"},"content":{"rendered":"\n<h4 class=\"wp-block-heading\">Funcionarios del Cuerpo de Bomberos atentos para combatirlos<\/h4>\n\n\n\n<p>Amanda Saldivia<\/p>\n\n\n\n<p>Un nuevo incendio forestal se registr\u00f3 este s\u00e1bado en horas del mediod\u00eda, el cual amerit\u00f3 la intervenci\u00f3n de funcionarios del Cuerpo de Bomberos Andr\u00e9 Fourneau de Altagracia de Orituco, Gu\u00e1rico, quienes acudieron a la zona de El Diamante ante el llamado de los vecinos.<\/p>\n\n\n\n<p>El coronel Denis Dur\u00e1n, primer comandante del Cuerpo de Bomberos, detall\u00f3 que acudieron seis funcionarios a combatir el incendio con la utilizaci\u00f3n de asperjadoras manuales y otras herramientas, a los fines de eliminar el riesgo de propagaci\u00f3n a viviendas cercanas.<\/p>\n\n\n\n<p>Agreg\u00f3 que durante la semana han combatido tres incendios forestales provocados por la acci\u00f3n del hombre, algunos vinculados a labores de limpieza de patios o preparaci\u00f3n de peque\u00f1as \u00e1reas para la siembra, sin tomar en consideraci\u00f3n factores como el viento, lo que ocasiona que el fuego se salga de control.<\/p>\n\n\n\n<p>Por su parte, vecinos de El Diamante reportan que todos los a\u00f1os se generan estos incendios provocados por terceros, quienes no miden el impacto a la salud, m\u00e1s en un momento en el cual todav\u00eda circula el virus covid-19 y las condiciones del sistema de salud no garantizan el suministro completo de tratamiento para aquellos que padecen asma, alergias u otras complicaciones bronquiales.<\/p>\n\n\n\n<p>En otras zonas del municipio Monagas, entre ellas el sector La Manga de San Rafael de Orituco, reportan que la quema de basura y maleza son las causas principales de las afecciones respiratorias que padecen ni\u00f1os y adultos mayores, debido a que la pr\u00e1ctica de encender fuego sigue entre las malos h\u00e1bitos de algunos vecinos.<\/p>\n\n\n\n<p>@amandasaldivia<\/p>\n\n\n\n<p><\/p>\n","protected":false},"excerpt":{"rendered":"<p>Funcionarios del Cuerpo de Bomberos atentos para combatirlos Amanda Saldivia Un nuevo incendio forestal se registr\u00f3 este s\u00e1bado en horas del mediod\u00eda, el cual amerit\u00f3 la intervenci\u00f3n de funcionarios del Cuerpo de Bomberos Andr\u00e9 Fourneau de Altagracia de Orituco, Gu\u00e1rico, quienes acudieron a la zona de El Diamante ante el<\/p>\n","protected":false},"author":2,"featured_media":1443,"comment_status":"open","ping_status":"open","sticky":false,"template":"","format":"standard","meta":{"advanced_seo_description":"","jetpack_seo_html_title":"","jetpack_seo_noindex":false,"_jetpack_memberships_contains_paid_content":false,"footnotes":"","jetpack_publicize_message":"","jetpack_publicize_feature_enabled":true,"jetpack_social_post_already_shared":true,"jetpack_social_options":{"image_generator_settings":{"template":"highway","enabled":false},"version":2}},"categories":[144],"tags":[8,145,64,32],"class_list":["post-1442","post","type-post","status-publish","format-standard","has-post-thumbnail","hentry","category-bomberos","tag-altagraciadeorituco","tag-incendioforestal","tag-salud","tag-webdealta",""],"jetpack_publicize_connections":[],"jetpack_featured_media_url":"https:\/\/webdealta.info\/wp-content\/uploads\/2021\/02\/Bomberos-altagracia-webdealta.jpeg","jetpack_sharing_enabled":true,"jetpack_likes_enabled":true,"jetpack-related-posts":[],"jetpack_shortlink":"https:\/\/wp.me\/pcseDn-ng","_links":{"self":[{"href":"https:\/\/webdealta.info\/index.php?rest_route=\/wp\/v2\/posts\/1442","targetHints":{"allow":["GET"]}}],"collection":[{"href":"https:\/\/webdealta.info\/index.php?rest_route=\/wp\/v2\/posts"}],"about":[{"href":"https:\/\/webdealta.info\/index.php?rest_route=\/wp\/v2\/types\/post"}],"author":[{"embeddable":true,"href":"https:\/\/webdealta.info\/index.php?rest_route=\/wp\/v2\/users\/2"}],"replies":[{"embeddable":true,"href":"https:\/\/webdealta.info\/index.php?rest_route=%2Fwp%2Fv2%2Fcomments&post=1442"}],"version-history":[{"count":1,"href":"https:\/\/webdealta.info\/index.php?rest_route=\/wp\/v2\/posts\/1442\/revisions"}],"predecessor-version":[{"id":1444,"href":"https:\/\/webdealta.info\/index.php?rest_route=\/wp\/v2\/posts\/1442\/revisions\/1444"}],"wp:featuredmedia":[{"embeddable":true,"href":"https:\/\/webdealta.info\/index.php?rest_route=\/wp\/v2\/media\/1443"}],"wp:attachment":[{"href":"https:\/\/webdealta.info\/index.php?rest_route=%2Fwp%2Fv2%2Fmedia&parent=1442"}],"wp:term":[{"taxonomy":"category","embeddable":true,"href":"https:\/\/webdealta.info\/index.php?rest_route=%2Fwp%2Fv2%2Fcategories&post=1442"},{"taxonomy":"post_tag","embeddable":true,"href":"https:\/\/webdealta.info\/index.php?rest_route=%2Fwp%2Fv2%2Ftags&post=1442"}],"curies":[{"name":"wp","href":"https:\/\/api.w.org\/{rel}","templated":true}]}}