{"id":1411,"date":"2021-02-03T14:20:15","date_gmt":"2021-02-03T18:20:15","guid":{"rendered":"https:\/\/webdealta.info\/?p=1411"},"modified":"2021-02-03T14:20:19","modified_gmt":"2021-02-03T18:20:19","slug":"cambios-en-el-gabinete-municipal","status":"publish","type":"post","link":"https:\/\/webdealta.info\/?p=1411","title":{"rendered":"Cambios en el gabinete municipal"},"content":{"rendered":"\n<h4 class=\"wp-block-heading\">La alcald\u00eda incorpor\u00f3 la figura de subdirectores a la estructura organizativa<\/h4>\n\n\n\n<figure class=\"wp-block-image size-large\"><img loading=\"lazy\" decoding=\"async\" width=\"1024\" height=\"546\" src=\"https:\/\/webdealta.info\/wp-content\/uploads\/2021\/02\/WhatsApp-Image-2021-02-03-at-1.44.19-PM-1-1024x546.jpeg\" alt=\"\" class=\"wp-image-1413\" srcset=\"https:\/\/webdealta.info\/wp-content\/uploads\/2021\/02\/WhatsApp-Image-2021-02-03-at-1.44.19-PM-1.jpeg 1024w, https:\/\/webdealta.info\/wp-content\/uploads\/2021\/02\/WhatsApp-Image-2021-02-03-at-1.44.19-PM-1.jpeg 300w, https:\/\/webdealta.info\/wp-content\/uploads\/2021\/02\/WhatsApp-Image-2021-02-03-at-1.44.19-PM-1.jpeg 768w, https:\/\/webdealta.info\/wp-content\/uploads\/2021\/02\/WhatsApp-Image-2021-02-03-at-1.44.19-PM-1.jpeg 1170w, https:\/\/webdealta.info\/wp-content\/uploads\/2021\/02\/WhatsApp-Image-2021-02-03-at-1.44.19-PM-1.jpeg 1500w, https:\/\/webdealta.info\/wp-content\/uploads\/2021\/02\/WhatsApp-Image-2021-02-03-at-1.44.19-PM-1.jpeg 1280w\" sizes=\"auto, (max-width: 640px) 100vw, 640px\" \/><figcaption>Reuni\u00f3n del gabinete municipal <\/figcaption><\/figure>\n\n\n\n<p>Amanda Saldivia<\/p>\n\n\n\n<p>Tania Sierra, alcaldesa del municipio Monagas, Gu\u00e1rico, nombr\u00f3 a nuevos integrantes del gabinete municipal y ratific\u00f3 a otros en los cargos, como parte de los ajustes del equipo que la acompa\u00f1ar\u00e1 en la gesti\u00f3n este a\u00f1o 2021.<\/p>\n\n\n\n<p>El martes dos de febrero se celebr\u00f3 el primer gabinete del a\u00f1o, con la incorporaci\u00f3n de los nuevos funcionarios p\u00fablicos y el anuncio de la estructura organizativa de la alcald\u00eda, en la cual se incluy\u00f3 la figura de subdirectores.<\/p>\n\n\n\n<p>En declaraciones ofrecidas por la alcaldesa Tania Sierra, dijo que la intenci\u00f3n es que haya mayor operatividad y que los equipos den respuesta a los ciudadanos que acudan a cada dependencia, adem\u00e1s precis\u00f3 que la mesa de trabajo fue productiva, porque se defini\u00f3 la misi\u00f3n y visi\u00f3n para este a\u00f1o 2021.<\/p>\n\n\n\n<p>Se\u00f1al\u00f3 que fueron ratificados en los cargos Ra\u00fal Inojosa, director general y los directores Rosa Laya, Talento Humano; Mar\u00eda Antonia Livia, Planificaci\u00f3n y Desarrollo Econ\u00f3mico; Juan Bandres, Hacienda; Rosangela Zobra, Administraci\u00f3n; Mariagni Brito, Catastro; Erika Seco, Desarrollo Urbano; Douglas Pe\u00f1a, presidente del Instituto Municipal de Deporte y Yudith Pi\u00f1ango, presidenta del Instituto de la Mujer. &nbsp;&nbsp;<\/p>\n\n\n\n<p>En cuanto a los nuevos nombramientos design\u00f3 a Idilia D\u00edaz, directora de Desarrollo Social y como subdirectora Alminda Ruiz; Argenis Reyes, director de Prensa y Danny Ojeda como subdirector; Yoan Farias, subdirector de Planificaci\u00f3n y Desarrollo Econ\u00f3mico. Hasta el momento, esos son los nombres dados a conocer por la mandataria local.<\/p>\n\n\n\n<p>Al primer gabinete de 2021 asisti\u00f3 el coronel Walner Vivas, comandante del \u00c1rea de Defensa Integral Tamanaco; el concejal Luis Guillermo Leal, presidente del Concejo Municipal y Reina Sifontes, diputada suplente a la Asamblea Nacional.<\/p>\n\n\n\n<p>@amandasaldivia <\/p>\n\n\n\n<p><\/p>\n","protected":false},"excerpt":{"rendered":"<p>La alcald\u00eda incorpor\u00f3 la figura de subdirectores a la estructura organizativa Amanda Saldivia Tania Sierra, alcaldesa del municipio Monagas, Gu\u00e1rico, nombr\u00f3 a nuevos integrantes del gabinete municipal y ratific\u00f3 a otros en los cargos, como parte de los ajustes del equipo que la acompa\u00f1ar\u00e1 en la gesti\u00f3n este a\u00f1o 2021.<\/p>\n","protected":false},"author":2,"featured_media":1414,"comment_status":"open","ping_status":"open","sticky":false,"template":"","format":"standard","meta":{"advanced_seo_description":"","jetpack_seo_html_title":"","jetpack_seo_noindex":false,"_jetpack_memberships_contains_paid_content":false,"footnotes":"","jetpack_publicize_message":"","jetpack_publicize_feature_enabled":true,"jetpack_social_post_already_shared":true,"jetpack_social_options":{"image_generator_settings":{"template":"highway","enabled":false},"version":2}},"categories":[15],"tags":[8,7,32],"class_list":["post-1411","post","type-post","status-publish","format-standard","has-post-thumbnail","hentry","category-municipalidad","tag-altagraciadeorituco","tag-guarico","tag-webdealta",""],"jetpack_publicize_connections":[],"jetpack_featured_media_url":"https:\/\/webdealta.info\/wp-content\/uploads\/2021\/02\/WhatsApp-Image-2021-02-02-at-9.00.47-PM-1.jpeg","jetpack_sharing_enabled":true,"jetpack_likes_enabled":true,"jetpack-related-posts":[],"jetpack_shortlink":"https:\/\/wp.me\/pcseDn-mL","_links":{"self":[{"href":"https:\/\/webdealta.info\/index.php?rest_route=\/wp\/v2\/posts\/1411","targetHints":{"allow":["GET"]}}],"collection":[{"href":"https:\/\/webdealta.info\/index.php?rest_route=\/wp\/v2\/posts"}],"about":[{"href":"https:\/\/webdealta.info\/index.php?rest_route=\/wp\/v2\/types\/post"}],"author":[{"embeddable":true,"href":"https:\/\/webdealta.info\/index.php?rest_route=\/wp\/v2\/users\/2"}],"replies":[{"embeddable":true,"href":"https:\/\/webdealta.info\/index.php?rest_route=%2Fwp%2Fv2%2Fcomments&post=1411"}],"version-history":[{"count":1,"href":"https:\/\/webdealta.info\/index.php?rest_route=\/wp\/v2\/posts\/1411\/revisions"}],"predecessor-version":[{"id":1415,"href":"https:\/\/webdealta.info\/index.php?rest_route=\/wp\/v2\/posts\/1411\/revisions\/1415"}],"wp:featuredmedia":[{"embeddable":true,"href":"https:\/\/webdealta.info\/index.php?rest_route=\/wp\/v2\/media\/1414"}],"wp:attachment":[{"href":"https:\/\/webdealta.info\/index.php?rest_route=%2Fwp%2Fv2%2Fmedia&parent=1411"}],"wp:term":[{"taxonomy":"category","embeddable":true,"href":"https:\/\/webdealta.info\/index.php?rest_route=%2Fwp%2Fv2%2Fcategories&post=1411"},{"taxonomy":"post_tag","embeddable":true,"href":"https:\/\/webdealta.info\/index.php?rest_route=%2Fwp%2Fv2%2Ftags&post=1411"}],"curies":[{"name":"wp","href":"https:\/\/api.w.org\/{rel}","templated":true}]}}