{"id":1341,"date":"2021-01-27T13:50:38","date_gmt":"2021-01-27T17:50:38","guid":{"rendered":"https:\/\/webdealta.info\/?p=1341"},"modified":"2021-01-27T13:50:44","modified_gmt":"2021-01-27T17:50:44","slug":"nuevos-aspirantes-al-cuerpo-de-bomberos","status":"publish","type":"post","link":"https:\/\/webdealta.info\/?p=1341","title":{"rendered":"Nuevos aspirantes al cuerpo de bomberos"},"content":{"rendered":"\n<p>Amanda Saldivia<\/p>\n\n\n\n<p>En la sede del cuerpo de bomberos Andr\u00e9 Fourneau se realiz\u00f3 el acto de recepci\u00f3n de aspirantes a ingresar al Programa Nacional de Formaci\u00f3n en Servicio de Ciencias del Fuego y Seguridad contra Incendios, estudios que se dictar\u00e1n en el cuartel de esa instituci\u00f3n, ubicado en Altagracia de Orituco, Gu\u00e1rico.<\/p>\n\n\n\n<p>La informaci\u00f3n fue suministrada por el coronel Denis Dur\u00e1n, primer comandante del cuerpo de bomberos, quien precis\u00f3 que la primer teniente Olga Bandres es la responsable acad\u00e9mica del Centro de Formaci\u00f3n de la Universidad Nacional Experimental de la Seguridad, mientras el delegado es el sargento segundo Nilson Salcedo.<\/p>\n\n\n\n<p>En total son 14 los aspirantes a esta formaci\u00f3n en Ciencias del Fuego y Seguridad contra Incendios, quienes se suman a la esencia bomberil de servicio a la ciudadan\u00eda bajo el lema \u201cDisciplina y abnegaci\u00f3n\u201d.<\/p>\n\n\n\n<figure class=\"wp-block-image size-large\"><img loading=\"lazy\" decoding=\"async\" width=\"1024\" height=\"546\" src=\"https:\/\/webdealta.info\/wp-content\/uploads\/2021\/01\/Bomberos-de-Altagracia-1-webdealta-1024x546.jpeg\" alt=\"\" class=\"wp-image-1344\" srcset=\"https:\/\/webdealta.info\/wp-content\/uploads\/2021\/01\/Bomberos-de-Altagracia-1-webdealta.jpeg 1024w, https:\/\/webdealta.info\/wp-content\/uploads\/2021\/01\/Bomberos-de-Altagracia-1-webdealta.jpeg 300w, https:\/\/webdealta.info\/wp-content\/uploads\/2021\/01\/Bomberos-de-Altagracia-1-webdealta.jpeg 768w, https:\/\/webdealta.info\/wp-content\/uploads\/2021\/01\/Bomberos-de-Altagracia-1-webdealta.jpeg 1170w, https:\/\/webdealta.info\/wp-content\/uploads\/2021\/01\/Bomberos-de-Altagracia-1-webdealta.jpeg 1500w, https:\/\/webdealta.info\/wp-content\/uploads\/2021\/01\/Bomberos-de-Altagracia-1-webdealta.jpeg 1280w\" sizes=\"auto, (max-width: 640px) 100vw, 640px\" \/><figcaption>Estudiantes de la UNES<\/figcaption><\/figure>\n\n\n\n<p>@amandasaldivia<\/p>\n\n\n\n<p><\/p>\n","protected":false},"excerpt":{"rendered":"<p>Amanda Saldivia En la sede del cuerpo de bomberos Andr\u00e9 Fourneau se realiz\u00f3 el acto de recepci\u00f3n de aspirantes a ingresar al Programa Nacional de Formaci\u00f3n en Servicio de Ciencias del Fuego y Seguridad contra Incendios, estudios que se dictar\u00e1n en el cuartel de esa instituci\u00f3n, ubicado en Altagracia de<\/p>\n","protected":false},"author":2,"featured_media":1343,"comment_status":"open","ping_status":"open","sticky":false,"template":"","format":"standard","meta":{"advanced_seo_description":"","jetpack_seo_html_title":"","jetpack_seo_noindex":false,"_jetpack_memberships_contains_paid_content":false,"footnotes":"","jetpack_publicize_message":"","jetpack_publicize_feature_enabled":true,"jetpack_social_post_already_shared":true,"jetpack_social_options":{"image_generator_settings":{"template":"highway","enabled":false},"version":2}},"categories":[144],"tags":[24,94,146,32],"class_list":["post-1341","post","type-post","status-publish","format-standard","has-post-thumbnail","hentry","category-bomberos","tag-altagracia","tag-bomberos","tag-unes","tag-webdealta",""],"jetpack_publicize_connections":[],"jetpack_featured_media_url":"https:\/\/webdealta.info\/wp-content\/uploads\/2021\/01\/Bomberos-de-Altagracia-webdealta-2-1.jpeg","jetpack_sharing_enabled":true,"jetpack_likes_enabled":true,"jetpack-related-posts":[],"jetpack_shortlink":"https:\/\/wp.me\/pcseDn-lD","_links":{"self":[{"href":"https:\/\/webdealta.info\/index.php?rest_route=\/wp\/v2\/posts\/1341","targetHints":{"allow":["GET"]}}],"collection":[{"href":"https:\/\/webdealta.info\/index.php?rest_route=\/wp\/v2\/posts"}],"about":[{"href":"https:\/\/webdealta.info\/index.php?rest_route=\/wp\/v2\/types\/post"}],"author":[{"embeddable":true,"href":"https:\/\/webdealta.info\/index.php?rest_route=\/wp\/v2\/users\/2"}],"replies":[{"embeddable":true,"href":"https:\/\/webdealta.info\/index.php?rest_route=%2Fwp%2Fv2%2Fcomments&post=1341"}],"version-history":[{"count":1,"href":"https:\/\/webdealta.info\/index.php?rest_route=\/wp\/v2\/posts\/1341\/revisions"}],"predecessor-version":[{"id":1345,"href":"https:\/\/webdealta.info\/index.php?rest_route=\/wp\/v2\/posts\/1341\/revisions\/1345"}],"wp:featuredmedia":[{"embeddable":true,"href":"https:\/\/webdealta.info\/index.php?rest_route=\/wp\/v2\/media\/1343"}],"wp:attachment":[{"href":"https:\/\/webdealta.info\/index.php?rest_route=%2Fwp%2Fv2%2Fmedia&parent=1341"}],"wp:term":[{"taxonomy":"category","embeddable":true,"href":"https:\/\/webdealta.info\/index.php?rest_route=%2Fwp%2Fv2%2Fcategories&post=1341"},{"taxonomy":"post_tag","embeddable":true,"href":"https:\/\/webdealta.info\/index.php?rest_route=%2Fwp%2Fv2%2Ftags&post=1341"}],"curies":[{"name":"wp","href":"https:\/\/api.w.org\/{rel}","templated":true}]}}