{"id":1321,"date":"2021-01-24T21:20:56","date_gmt":"2021-01-25T01:20:56","guid":{"rendered":"https:\/\/webdealta.info\/?p=1321"},"modified":"2021-01-24T21:29:14","modified_gmt":"2021-01-25T01:29:14","slug":"bomberos-combaten-incendio-forestal","status":"publish","type":"post","link":"https:\/\/webdealta.info\/?p=1321","title":{"rendered":"Bomberos combaten incendio forestal"},"content":{"rendered":"\n<p>Amanda Saldivia<\/p>\n\n\n\n<p>Un nuevo incendio forestal se registr\u00f3 en la tarde de este domingo 24 de enero en la zona conocida como El Cerro La M\u00e1quina de Altagracia de Orituco, Gu\u00e1rico, lo que amerit\u00f3 la intervenci\u00f3n de funcionarios del cuerpo de bomberos Andr\u00e9 Fourneau, quienes sofocaron las llamas y evitaron la propagaci\u00f3n.<\/p>\n\n\n\n<p>De acuerdo a la informaci\u00f3n suministrada por el coronel Denis Dur\u00e1n, primer comandante del cuerpo de bomberos, fue necesario aplicar las t\u00e9cnicas de combate y supresi\u00f3n de incendios para eliminar el riesgo de propagaci\u00f3n existente.<\/p>\n\n\n\n<p>Recalc\u00f3 que las emergencias se han incrementado al avanzar el per\u00edodo de sequ\u00eda, motivo por el cual aprovech\u00f3 la ocasi\u00f3n para \u201cdictar las medidas preventivas referentes al caso, para concientizar a las personas de la comunidad\u201d. <\/p>\n\n\n\n<p>El comandante del cuerpo de bomberos precis\u00f3, que en lo que va del a\u00f1o 2021 han atendido 17 incendio forestales en distintas zonas de la localidad.<\/p>\n\n\n\n<p>@amandasaldivia<\/p>\n\n\n\n<p><\/p>\n\n\n\n<p><\/p>\n","protected":false},"excerpt":{"rendered":"<p>Amanda Saldivia Un nuevo incendio forestal se registr\u00f3 en la tarde de este domingo 24 de enero en la zona conocida como El Cerro La M\u00e1quina de Altagracia de Orituco, Gu\u00e1rico, lo que amerit\u00f3 la intervenci\u00f3n de funcionarios del cuerpo de bomberos Andr\u00e9 Fourneau, quienes sofocaron las llamas y evitaron<\/p>\n","protected":false},"author":2,"featured_media":1322,"comment_status":"open","ping_status":"open","sticky":false,"template":"","format":"standard","meta":{"advanced_seo_description":"","jetpack_seo_html_title":"","jetpack_seo_noindex":false,"_jetpack_memberships_contains_paid_content":false,"footnotes":"","jetpack_publicize_message":"","jetpack_publicize_feature_enabled":true,"jetpack_social_post_already_shared":true,"jetpack_social_options":{"image_generator_settings":{"template":"highway","enabled":false},"version":2}},"categories":[144],"tags":[8,145,32],"class_list":["post-1321","post","type-post","status-publish","format-standard","has-post-thumbnail","hentry","category-bomberos","tag-altagraciadeorituco","tag-incendioforestal","tag-webdealta",""],"jetpack_publicize_connections":[],"jetpack_featured_media_url":"https:\/\/webdealta.info\/wp-content\/uploads\/2021\/01\/Bomberos-de-Altagracia-webdealta.jpeg","jetpack_sharing_enabled":true,"jetpack_likes_enabled":true,"jetpack-related-posts":[],"jetpack_shortlink":"https:\/\/wp.me\/pcseDn-lj","_links":{"self":[{"href":"https:\/\/webdealta.info\/index.php?rest_route=\/wp\/v2\/posts\/1321","targetHints":{"allow":["GET"]}}],"collection":[{"href":"https:\/\/webdealta.info\/index.php?rest_route=\/wp\/v2\/posts"}],"about":[{"href":"https:\/\/webdealta.info\/index.php?rest_route=\/wp\/v2\/types\/post"}],"author":[{"embeddable":true,"href":"https:\/\/webdealta.info\/index.php?rest_route=\/wp\/v2\/users\/2"}],"replies":[{"embeddable":true,"href":"https:\/\/webdealta.info\/index.php?rest_route=%2Fwp%2Fv2%2Fcomments&post=1321"}],"version-history":[{"count":3,"href":"https:\/\/webdealta.info\/index.php?rest_route=\/wp\/v2\/posts\/1321\/revisions"}],"predecessor-version":[{"id":1325,"href":"https:\/\/webdealta.info\/index.php?rest_route=\/wp\/v2\/posts\/1321\/revisions\/1325"}],"wp:featuredmedia":[{"embeddable":true,"href":"https:\/\/webdealta.info\/index.php?rest_route=\/wp\/v2\/media\/1322"}],"wp:attachment":[{"href":"https:\/\/webdealta.info\/index.php?rest_route=%2Fwp%2Fv2%2Fmedia&parent=1321"}],"wp:term":[{"taxonomy":"category","embeddable":true,"href":"https:\/\/webdealta.info\/index.php?rest_route=%2Fwp%2Fv2%2Fcategories&post=1321"},{"taxonomy":"post_tag","embeddable":true,"href":"https:\/\/webdealta.info\/index.php?rest_route=%2Fwp%2Fv2%2Ftags&post=1321"}],"curies":[{"name":"wp","href":"https:\/\/api.w.org\/{rel}","templated":true}]}}