{"id":1315,"date":"2021-01-24T12:17:12","date_gmt":"2021-01-24T16:17:12","guid":{"rendered":"https:\/\/webdealta.info\/?p=1315"},"modified":"2021-01-24T12:17:22","modified_gmt":"2021-01-24T16:17:22","slug":"reanudan-labores-en-el-matadero-municipal","status":"publish","type":"post","link":"https:\/\/webdealta.info\/?p=1315","title":{"rendered":"Reanudan labores en el matadero municipal"},"content":{"rendered":"\n<p>Amanda Saldivia<\/p>\n\n\n\n<p>Aunque sin un acuerdo totalmente definido, este lunes se reanuda el beneficio de reses en el matadero municipal de Altagracia de Orituco, Gu\u00e1rico, el cual paraliz\u00f3 las actividades tras exigencias de los trabajadores, quienes reclaman ajuste salarial y otras mejoras vinculadas a las labores que desempe\u00f1an.<\/p>\n\n\n\n<p>Trascendi\u00f3 que hubo una reuni\u00f3n con los administradores el pasado jueves y las peticiones ser\u00e1n tomadas en consideraci\u00f3n, pero el mayor peso lo tuvo la necesidad de reanudar la matanza para no perjudicar a los consumidores, intermediarios y productores agropecuarios de la regi\u00f3n.<\/p>\n\n\n\n<p>Este lunes 25 el matadero nuevamente en servicio y la expectativa est\u00e1n centradas en que las conversaciones contin\u00faen para evitar una nueva paralizaci\u00f3n.<\/p>\n\n\n\n<p>@amandasaldivia<\/p>\n\n\n\n<p><\/p>\n","protected":false},"excerpt":{"rendered":"<p>Amanda Saldivia Aunque sin un acuerdo totalmente definido, este lunes se reanuda el beneficio de reses en el matadero municipal de Altagracia de Orituco, Gu\u00e1rico, el cual paraliz\u00f3 las actividades tras exigencias de los trabajadores, quienes reclaman ajuste salarial y otras mejoras vinculadas a las labores que desempe\u00f1an. Trascendi\u00f3 que<\/p>\n","protected":false},"author":2,"featured_media":1316,"comment_status":"open","ping_status":"open","sticky":false,"template":"","format":"standard","meta":{"advanced_seo_description":"","jetpack_seo_html_title":"","jetpack_seo_noindex":false,"_jetpack_memberships_contains_paid_content":false,"footnotes":"","jetpack_publicize_message":"","jetpack_publicize_feature_enabled":true,"jetpack_social_post_already_shared":true,"jetpack_social_options":{"image_generator_settings":{"template":"highway","enabled":false},"version":2}},"categories":[138],"tags":[8,32],"class_list":["post-1315","post","type-post","status-publish","format-standard","has-post-thumbnail","hentry","category-reclamo-laboral","tag-altagraciadeorituco","tag-webdealta",""],"jetpack_publicize_connections":[],"jetpack_featured_media_url":"https:\/\/webdealta.info\/wp-content\/uploads\/2021\/01\/Matadero-1-webdealta.jpeg","jetpack_sharing_enabled":true,"jetpack_likes_enabled":true,"jetpack-related-posts":[],"jetpack_shortlink":"https:\/\/wp.me\/pcseDn-ld","_links":{"self":[{"href":"https:\/\/webdealta.info\/index.php?rest_route=\/wp\/v2\/posts\/1315","targetHints":{"allow":["GET"]}}],"collection":[{"href":"https:\/\/webdealta.info\/index.php?rest_route=\/wp\/v2\/posts"}],"about":[{"href":"https:\/\/webdealta.info\/index.php?rest_route=\/wp\/v2\/types\/post"}],"author":[{"embeddable":true,"href":"https:\/\/webdealta.info\/index.php?rest_route=\/wp\/v2\/users\/2"}],"replies":[{"embeddable":true,"href":"https:\/\/webdealta.info\/index.php?rest_route=%2Fwp%2Fv2%2Fcomments&post=1315"}],"version-history":[{"count":1,"href":"https:\/\/webdealta.info\/index.php?rest_route=\/wp\/v2\/posts\/1315\/revisions"}],"predecessor-version":[{"id":1318,"href":"https:\/\/webdealta.info\/index.php?rest_route=\/wp\/v2\/posts\/1315\/revisions\/1318"}],"wp:featuredmedia":[{"embeddable":true,"href":"https:\/\/webdealta.info\/index.php?rest_route=\/wp\/v2\/media\/1316"}],"wp:attachment":[{"href":"https:\/\/webdealta.info\/index.php?rest_route=%2Fwp%2Fv2%2Fmedia&parent=1315"}],"wp:term":[{"taxonomy":"category","embeddable":true,"href":"https:\/\/webdealta.info\/index.php?rest_route=%2Fwp%2Fv2%2Fcategories&post=1315"},{"taxonomy":"post_tag","embeddable":true,"href":"https:\/\/webdealta.info\/index.php?rest_route=%2Fwp%2Fv2%2Ftags&post=1315"}],"curies":[{"name":"wp","href":"https:\/\/api.w.org\/{rel}","templated":true}]}}