{"id":1292,"date":"2021-01-23T18:47:51","date_gmt":"2021-01-23T22:47:51","guid":{"rendered":"https:\/\/webdealta.info\/?p=1292"},"modified":"2021-01-23T18:47:53","modified_gmt":"2021-01-23T22:47:53","slug":"upv-abre-sede-en-altagracia","status":"publish","type":"post","link":"https:\/\/webdealta.info\/?p=1292","title":{"rendered":"UPV abre sede en Altagracia"},"content":{"rendered":"\n<p>Amanda Saldivia<\/p>\n\n\n\n<p>Este s\u00e1bado 23 de enero el dirigente del partido Unidad Popular Venezolana (UPV),\u00a0 Luis Colmenares, anunci\u00f3 que abrir\u00e1n sede de esa organizaci\u00f3n pol\u00edtica en Altagracia de Orituco, Gu\u00e1rico, como parte del acercamiento a los municipios, acci\u00f3n que impulsan desde la Asamblea Nacional, en la cual tienen 4 representantes, uno de ellos en la comisi\u00f3n de Comunas.<\/p>\n\n\n\n<p>Dijo que m\u00e1s all\u00e1 de las diferencias pol\u00edticas, cree en la unificaci\u00f3n, en la pacificaci\u00f3n y que deben dedicarse a la reconstrucci\u00f3n del pa\u00eds, el cual desde su \u00f3ptica est\u00e1 bajo un ataque imperialistas, pero tambi\u00e9n \u201cun ataque interno de la ignorancia, la corrupci\u00f3n, la dedocracia, la corrupci\u00f3n administrativa que ha afectado tanto al pueblo de Venezuela\u201d.<\/p>\n\n\n\n<p>Luis Colmenares precis\u00f3 que impulsan el estado Comunal para la construcci\u00f3n de un poder popular verdaderamente \u201cempoderado de los recursos econ\u00f3micos para solventar las problem\u00e1ticas internas\u201d e igualmente mencion\u00f3 la Misi\u00f3n Cuadrante de Paz, \u00abvista no desde la seguridad represiva, sino de cultura, recreaci\u00f3n, deporte, salud, de vivienda para beneficio del pueblo y trabajo a los j\u00f3venes\u201d.<\/p>\n\n\n\n<p>Al referirse a la sede que abrir\u00e1n en Altagracia, se\u00f1al\u00f3 que es para atender las denuncias y llevarlas directamente a los \u00f3rganos responsables, entre ellos la comisi\u00f3n de Comunas, en la cual est\u00e1 la presentaci\u00f3n de la UPV.<\/p>\n\n\n\n<p>@amandasaldivia<\/p>\n\n\n\n<figure class=\"wp-block-image size-large\"><img loading=\"lazy\" decoding=\"async\" width=\"388\" height=\"537\" src=\"https:\/\/webdealta.info\/wp-content\/uploads\/2021\/01\/WhatsApp-Image-2021-01-23-at-12.43.36-PM.jpeg\" alt=\"\" class=\"wp-image-1295\" srcset=\"https:\/\/webdealta.info\/wp-content\/uploads\/2021\/01\/WhatsApp-Image-2021-01-23-at-12.43.36-PM.jpeg 388w, https:\/\/webdealta.info\/wp-content\/uploads\/2021\/01\/WhatsApp-Image-2021-01-23-at-12.43.36-PM.jpeg 217w\" sizes=\"auto, (max-width: 388px) 100vw, 388px\" \/><\/figure>\n","protected":false},"excerpt":{"rendered":"<p>Amanda Saldivia Este s\u00e1bado 23 de enero el dirigente del partido Unidad Popular Venezolana (UPV),\u00a0 Luis Colmenares, anunci\u00f3 que abrir\u00e1n sede de esa organizaci\u00f3n pol\u00edtica en Altagracia de Orituco, Gu\u00e1rico, como parte del acercamiento a los municipios, acci\u00f3n que impulsan desde la Asamblea Nacional, en la cual tienen 4 representantes,<\/p>\n","protected":false},"author":2,"featured_media":1294,"comment_status":"open","ping_status":"open","sticky":false,"template":"","format":"standard","meta":{"advanced_seo_description":"","jetpack_seo_html_title":"","jetpack_seo_noindex":false,"_jetpack_memberships_contains_paid_content":false,"footnotes":"","jetpack_publicize_message":"","jetpack_publicize_feature_enabled":true,"jetpack_social_post_already_shared":true,"jetpack_social_options":{"image_generator_settings":{"template":"highway","enabled":false},"version":2}},"categories":[142],"tags":[8,143],"class_list":["post-1292","post","type-post","status-publish","format-standard","has-post-thumbnail","hentry","category-politica","tag-altagraciadeorituco","tag-upv",""],"jetpack_publicize_connections":[],"jetpack_featured_media_url":"https:\/\/webdealta.info\/wp-content\/uploads\/2021\/01\/UPVlogo.jpg","jetpack_sharing_enabled":true,"jetpack_likes_enabled":true,"jetpack-related-posts":[],"jetpack_shortlink":"https:\/\/wp.me\/pcseDn-kQ","_links":{"self":[{"href":"https:\/\/webdealta.info\/index.php?rest_route=\/wp\/v2\/posts\/1292","targetHints":{"allow":["GET"]}}],"collection":[{"href":"https:\/\/webdealta.info\/index.php?rest_route=\/wp\/v2\/posts"}],"about":[{"href":"https:\/\/webdealta.info\/index.php?rest_route=\/wp\/v2\/types\/post"}],"author":[{"embeddable":true,"href":"https:\/\/webdealta.info\/index.php?rest_route=\/wp\/v2\/users\/2"}],"replies":[{"embeddable":true,"href":"https:\/\/webdealta.info\/index.php?rest_route=%2Fwp%2Fv2%2Fcomments&post=1292"}],"version-history":[{"count":1,"href":"https:\/\/webdealta.info\/index.php?rest_route=\/wp\/v2\/posts\/1292\/revisions"}],"predecessor-version":[{"id":1296,"href":"https:\/\/webdealta.info\/index.php?rest_route=\/wp\/v2\/posts\/1292\/revisions\/1296"}],"wp:featuredmedia":[{"embeddable":true,"href":"https:\/\/webdealta.info\/index.php?rest_route=\/wp\/v2\/media\/1294"}],"wp:attachment":[{"href":"https:\/\/webdealta.info\/index.php?rest_route=%2Fwp%2Fv2%2Fmedia&parent=1292"}],"wp:term":[{"taxonomy":"category","embeddable":true,"href":"https:\/\/webdealta.info\/index.php?rest_route=%2Fwp%2Fv2%2Fcategories&post=1292"},{"taxonomy":"post_tag","embeddable":true,"href":"https:\/\/webdealta.info\/index.php?rest_route=%2Fwp%2Fv2%2Ftags&post=1292"}],"curies":[{"name":"wp","href":"https:\/\/api.w.org\/{rel}","templated":true}]}}