{"id":1268,"date":"2021-01-21T16:58:17","date_gmt":"2021-01-21T20:58:17","guid":{"rendered":"https:\/\/webdealta.info\/?p=1268"},"modified":"2021-01-21T16:58:21","modified_gmt":"2021-01-21T20:58:21","slug":"segundo-apagon-del-mes-de-enero","status":"publish","type":"post","link":"https:\/\/webdealta.info\/?p=1268","title":{"rendered":"Segundo apag\u00f3n del mes de enero"},"content":{"rendered":"\n<p>Amanda Saldivia<\/p>\n\n\n\n<p>En torno al apag\u00f3n registrado en el municipio Monagas, Gu\u00e1rico, en la madrugada de este jueves 21 de enero no hay versi\u00f3n oficial dada a conocer por Corpoelec, solo especulaciones de que podr\u00eda tratarse de una falla en uno de los transformadores de la subestaci\u00f3n Altagracia.<\/p>\n\n\n\n<p>A la 1:14 minutos de la madrugada de este jueves todos los circuitos el\u00e9ctricos que dependen de la subestaci\u00f3n quedaron sin energ\u00eda el\u00e9ctrica y la empresa inform\u00f3 que trabajaban para restablecer el servicio, como efectivamente lo hicieron de manera paulatina hasta completarlos a las 8:00 am aproximadamente.<\/p>\n\n\n\n<p>Corpoelec &#8211; Altagracia no tiene vocero autorizado, porque esa responsabilidad recae en la gerencia regional, lo que limita el acceso a la informaci\u00f3n que requieren los ciudadanos. Es importante recordar que el cuatro de enero de este a\u00f1o se produjo otro apag\u00f3n, el cual amerit\u00f3 la presencia de personal especializado en el \u00e1rea de transmisiones de Valle de la Pascua y en esa oportunidad trascendi\u00f3 que la falla era en la subestaci\u00f3n, lugar donde efectivamente se observaron las cuadrillas.<\/p>\n\n\n\n<p>En esa oportunidad todos los circuitos quedaron igualmente sin energ\u00eda el\u00e9ctrica, pero el corte m\u00e1s prolongado fue para Lezama, que incluye adem\u00e1s de esa poblaci\u00f3n, a San Rafael de Orituco, parte de Tricentenario y Brisas del Pe\u00f1\u00f3n.<\/p>\n\n\n\n<p>@amandasaldivia<\/p>\n\n\n\n<p><\/p>\n","protected":false},"excerpt":{"rendered":"<p>Amanda Saldivia En torno al apag\u00f3n registrado en el municipio Monagas, Gu\u00e1rico, en la madrugada de este jueves 21 de enero no hay versi\u00f3n oficial dada a conocer por Corpoelec, solo especulaciones de que podr\u00eda tratarse de una falla en uno de los transformadores de la subestaci\u00f3n Altagracia. A la<\/p>\n","protected":false},"author":2,"featured_media":1269,"comment_status":"open","ping_status":"open","sticky":false,"template":"","format":"standard","meta":{"advanced_seo_description":"","jetpack_seo_html_title":"","jetpack_seo_noindex":false,"_jetpack_memberships_contains_paid_content":false,"footnotes":"","jetpack_publicize_message":"","jetpack_publicize_feature_enabled":true,"jetpack_social_post_already_shared":true,"jetpack_social_options":{"image_generator_settings":{"template":"highway","enabled":false},"version":2}},"categories":[122],"tags":[8,140,32],"class_list":["post-1268","post","type-post","status-publish","format-standard","has-post-thumbnail","hentry","category-electricidad","tag-altagraciadeorituco","tag-apagon","tag-webdealta",""],"jetpack_publicize_connections":[],"jetpack_featured_media_url":"https:\/\/webdealta.info\/wp-content\/uploads\/2021\/01\/Foto-subestacion-Altagracia.jpg","jetpack_sharing_enabled":true,"jetpack_likes_enabled":true,"jetpack-related-posts":[],"jetpack_shortlink":"https:\/\/wp.me\/pcseDn-ks","_links":{"self":[{"href":"https:\/\/webdealta.info\/index.php?rest_route=\/wp\/v2\/posts\/1268","targetHints":{"allow":["GET"]}}],"collection":[{"href":"https:\/\/webdealta.info\/index.php?rest_route=\/wp\/v2\/posts"}],"about":[{"href":"https:\/\/webdealta.info\/index.php?rest_route=\/wp\/v2\/types\/post"}],"author":[{"embeddable":true,"href":"https:\/\/webdealta.info\/index.php?rest_route=\/wp\/v2\/users\/2"}],"replies":[{"embeddable":true,"href":"https:\/\/webdealta.info\/index.php?rest_route=%2Fwp%2Fv2%2Fcomments&post=1268"}],"version-history":[{"count":1,"href":"https:\/\/webdealta.info\/index.php?rest_route=\/wp\/v2\/posts\/1268\/revisions"}],"predecessor-version":[{"id":1270,"href":"https:\/\/webdealta.info\/index.php?rest_route=\/wp\/v2\/posts\/1268\/revisions\/1270"}],"wp:featuredmedia":[{"embeddable":true,"href":"https:\/\/webdealta.info\/index.php?rest_route=\/wp\/v2\/media\/1269"}],"wp:attachment":[{"href":"https:\/\/webdealta.info\/index.php?rest_route=%2Fwp%2Fv2%2Fmedia&parent=1268"}],"wp:term":[{"taxonomy":"category","embeddable":true,"href":"https:\/\/webdealta.info\/index.php?rest_route=%2Fwp%2Fv2%2Fcategories&post=1268"},{"taxonomy":"post_tag","embeddable":true,"href":"https:\/\/webdealta.info\/index.php?rest_route=%2Fwp%2Fv2%2Ftags&post=1268"}],"curies":[{"name":"wp","href":"https:\/\/api.w.org\/{rel}","templated":true}]}}