{"id":1246,"date":"2021-01-19T12:09:43","date_gmt":"2021-01-19T16:09:43","guid":{"rendered":"https:\/\/webdealta.info\/?p=1246"},"modified":"2021-01-19T12:09:46","modified_gmt":"2021-01-19T16:09:46","slug":"cuatro-casos-de-covid-19-este-2021","status":"publish","type":"post","link":"https:\/\/webdealta.info\/?p=1246","title":{"rendered":"Cuatro casos de covid-19 este 2021"},"content":{"rendered":"\n<p>Amanda Saldivia<\/p>\n\n\n\n<p>Cuatro casos positivos de covid-19 han sido confirmados en el municipio Monagas en lo que va del a\u00f1o 2021, lo que eleva el total de contagiados a 57, eso de acuerdo a las cifras oficiales que dio a conocer el Dr. Arqu\u00edmedes M\u00e1rquez, autoridad \u00fanica de salud del municipio Monagas, Gu\u00e1rico.<\/p>\n\n\n\n<p>Explic\u00f3 que fueron cinco los pacientes recluidos, de los cuales cuatro est\u00e1n de alta y solo uno permanece en la sala de aislamiento covid del hospital Dr. Jos\u00e9 Francisco Torrealba, bajo los cuidados del personal y con una evoluci\u00f3n satisfactoria al tratamiento.<\/p>\n\n\n\n<p>En virtud de la confirmaci\u00f3n de esos cuatro casos nuevos, el Dr. M\u00e1rquez inst\u00f3 a la poblaci\u00f3n a mantener las tres medidas b\u00e1sicas de prevenci\u00f3n: el uso del tapabocas, el distanciamiento social y el lavado de manos con agua y jab\u00f3n.<\/p>\n\n\n\n<p>@amandasaldivia<\/p>\n\n\n\n<p><\/p>\n","protected":false},"excerpt":{"rendered":"<p>Amanda Saldivia Cuatro casos positivos de covid-19 han sido confirmados en el municipio Monagas en lo que va del a\u00f1o 2021, lo que eleva el total de contagiados a 57, eso de acuerdo a las cifras oficiales que dio a conocer el Dr. Arqu\u00edmedes M\u00e1rquez, autoridad \u00fanica de salud del<\/p>\n","protected":false},"author":2,"featured_media":1247,"comment_status":"open","ping_status":"open","sticky":false,"template":"","format":"standard","meta":{"advanced_seo_description":"","jetpack_seo_html_title":"","jetpack_seo_noindex":false,"_jetpack_memberships_contains_paid_content":false,"footnotes":"","jetpack_publicize_message":"","jetpack_publicize_feature_enabled":true,"jetpack_social_post_already_shared":true,"jetpack_social_options":{"image_generator_settings":{"template":"highway","enabled":false},"version":2}},"categories":[12],"tags":[8,137,32],"class_list":["post-1246","post","type-post","status-publish","format-standard","has-post-thumbnail","hentry","category-salud","tag-altagraciadeorituco","tag-covid-19","tag-webdealta",""],"jetpack_publicize_connections":[],"jetpack_featured_media_url":"https:\/\/webdealta.info\/wp-content\/uploads\/2021\/01\/fachada-hospital-Dr.-Jose-Francisco-Torrealba-webdealta.jpeg","jetpack_sharing_enabled":true,"jetpack_likes_enabled":true,"jetpack-related-posts":[],"jetpack_shortlink":"https:\/\/wp.me\/pcseDn-k6","_links":{"self":[{"href":"https:\/\/webdealta.info\/index.php?rest_route=\/wp\/v2\/posts\/1246","targetHints":{"allow":["GET"]}}],"collection":[{"href":"https:\/\/webdealta.info\/index.php?rest_route=\/wp\/v2\/posts"}],"about":[{"href":"https:\/\/webdealta.info\/index.php?rest_route=\/wp\/v2\/types\/post"}],"author":[{"embeddable":true,"href":"https:\/\/webdealta.info\/index.php?rest_route=\/wp\/v2\/users\/2"}],"replies":[{"embeddable":true,"href":"https:\/\/webdealta.info\/index.php?rest_route=%2Fwp%2Fv2%2Fcomments&post=1246"}],"version-history":[{"count":1,"href":"https:\/\/webdealta.info\/index.php?rest_route=\/wp\/v2\/posts\/1246\/revisions"}],"predecessor-version":[{"id":1248,"href":"https:\/\/webdealta.info\/index.php?rest_route=\/wp\/v2\/posts\/1246\/revisions\/1248"}],"wp:featuredmedia":[{"embeddable":true,"href":"https:\/\/webdealta.info\/index.php?rest_route=\/wp\/v2\/media\/1247"}],"wp:attachment":[{"href":"https:\/\/webdealta.info\/index.php?rest_route=%2Fwp%2Fv2%2Fmedia&parent=1246"}],"wp:term":[{"taxonomy":"category","embeddable":true,"href":"https:\/\/webdealta.info\/index.php?rest_route=%2Fwp%2Fv2%2Fcategories&post=1246"},{"taxonomy":"post_tag","embeddable":true,"href":"https:\/\/webdealta.info\/index.php?rest_route=%2Fwp%2Fv2%2Ftags&post=1246"}],"curies":[{"name":"wp","href":"https:\/\/api.w.org\/{rel}","templated":true}]}}