{"id":1213,"date":"2021-01-15T16:28:54","date_gmt":"2021-01-15T20:28:54","guid":{"rendered":"https:\/\/webdealta.info\/?p=1213"},"modified":"2021-01-15T16:28:56","modified_gmt":"2021-01-15T20:28:56","slug":"asignatura-reconquistar-la-dignidad-y-la-ciudadania","status":"publish","type":"post","link":"https:\/\/webdealta.info\/?p=1213","title":{"rendered":"Asignatura: \u201creconquistar la dignidad y la ciudadan\u00eda\u201d"},"content":{"rendered":"\n<p>Amanda Saldivia<\/p>\n\n\n\n<figure class=\"wp-block-image size-large\"><img loading=\"lazy\" decoding=\"async\" width=\"1024\" height=\"546\" src=\"https:\/\/webdealta.info\/wp-content\/uploads\/2021\/01\/Webdealta-dia-del-maestro-1-1024x546.jpeg\" alt=\"\" class=\"wp-image-1216\" srcset=\"https:\/\/webdealta.info\/wp-content\/uploads\/2021\/01\/Webdealta-dia-del-maestro-1.jpeg 1024w, https:\/\/webdealta.info\/wp-content\/uploads\/2021\/01\/Webdealta-dia-del-maestro-1.jpeg 300w, https:\/\/webdealta.info\/wp-content\/uploads\/2021\/01\/Webdealta-dia-del-maestro-1.jpeg 768w, https:\/\/webdealta.info\/wp-content\/uploads\/2021\/01\/Webdealta-dia-del-maestro-1.jpeg 1170w, https:\/\/webdealta.info\/wp-content\/uploads\/2021\/01\/Webdealta-dia-del-maestro-1.jpeg 1500w, https:\/\/webdealta.info\/wp-content\/uploads\/2021\/01\/Webdealta-dia-del-maestro-1.jpeg 1280w\" sizes=\"auto, (max-width: 640px) 100vw, 640px\" \/><figcaption>Maestros en la plaza Bol\u00edvar de Altagracia de Orituco<\/figcaption><\/figure>\n\n\n\n<p>Con consignas que expresan el descontento por la situaci\u00f3n laboral que atraviesan y el deterioro general del sistema educativo venezolano, los docentes de Altagracia de Orituco, Gu\u00e1rico, marcharon este lunes 15 de enero en el marco de la celebraci\u00f3n del D\u00eda del Maestro, para posteriormente reunirse en la plaza Bol\u00edvar.<\/p>\n\n\n\n<p>Entre quienes tomaron la palabra en el sencillo, pero significativo acto, estuvo la maestra jubilada Leticia Bencomo, quien destac\u00f3 que la asignatura m\u00e1s importante en la actualidad \u201ces la de reconquistar la dignidad y la ciudadan\u00eda del pueblo venezolano, porque nosotros no solamente estamos luchando por nuestras reivindicaciones, por la dignificaci\u00f3n del magisterio, sino estamos luchando para que podamos formar al verdadero ciudadano, que nuestros ni\u00f1os, que nuestros j\u00f3venes, no se conformen con ser habitantes, sino que sean ciudadanos que conozcan sus derechos, que los defiendan y que cumplan sus deberes\u201d.<\/p>\n\n\n\n<p>Igualmente la profesora Amarilis Bandres, resalt\u00f3 que la actividad que comenz\u00f3 con una Santa Misa en la Iglesia Nuestra Se\u00f1ora de Altagracia, para luego marchar desde la calle Ilustres Pr\u00f3ceres hasta la plaza Bol\u00edvar, fue con la finalidad de recordar a la comunidad, padres, representantes, comerciantes, que la lucha magisterial no se va a acabar \u201chasta que logremos la dignidad, las reivindicaciones para que el proceso ense\u00f1anza &#8211; aprendizaje se d\u00e9 como debe ser\u201d.<\/p>\n\n\n\n<p>Por su parte, el profesor jubilado Woris Pineda, record\u00f3 que la lucha de los docentes comenz\u00f3 en el a\u00f1o 1932, en plena dictadura gomecista, precisamente para defender el derecho de los educadores, lo que dio paso en el a\u00f1o 1936 a la Federaci\u00f3n Venezolana de Maestros.<\/p>\n\n\n\n<p>@amandasaldivia<\/p>\n","protected":false},"excerpt":{"rendered":"<p>Amanda Saldivia Con consignas que expresan el descontento por la situaci\u00f3n laboral que atraviesan y el deterioro general del sistema educativo venezolano, los docentes de Altagracia de Orituco, Gu\u00e1rico, marcharon este lunes 15 de enero en el marco de la celebraci\u00f3n del D\u00eda del Maestro, para posteriormente reunirse en la<\/p>\n","protected":false},"author":2,"featured_media":1215,"comment_status":"open","ping_status":"open","sticky":false,"template":"","format":"standard","meta":{"advanced_seo_description":"","jetpack_seo_html_title":"","jetpack_seo_noindex":false,"_jetpack_memberships_contains_paid_content":false,"footnotes":"","jetpack_publicize_message":"","jetpack_publicize_feature_enabled":true,"jetpack_social_post_already_shared":true,"jetpack_social_options":{"image_generator_settings":{"template":"highway","enabled":false},"version":2}},"categories":[126],"tags":[8,134,32],"class_list":["post-1213","post","type-post","status-publish","format-standard","has-post-thumbnail","hentry","category-gremio-educativo","tag-altagraciadeorituco","tag-diadelmaestro","tag-webdealta",""],"jetpack_publicize_connections":[],"jetpack_featured_media_url":"https:\/\/webdealta.info\/wp-content\/uploads\/2021\/01\/webdealta-dia-del-maeestro-1.jpeg","jetpack_sharing_enabled":true,"jetpack_likes_enabled":true,"jetpack-related-posts":[],"jetpack_shortlink":"https:\/\/wp.me\/pcseDn-jz","_links":{"self":[{"href":"https:\/\/webdealta.info\/index.php?rest_route=\/wp\/v2\/posts\/1213","targetHints":{"allow":["GET"]}}],"collection":[{"href":"https:\/\/webdealta.info\/index.php?rest_route=\/wp\/v2\/posts"}],"about":[{"href":"https:\/\/webdealta.info\/index.php?rest_route=\/wp\/v2\/types\/post"}],"author":[{"embeddable":true,"href":"https:\/\/webdealta.info\/index.php?rest_route=\/wp\/v2\/users\/2"}],"replies":[{"embeddable":true,"href":"https:\/\/webdealta.info\/index.php?rest_route=%2Fwp%2Fv2%2Fcomments&post=1213"}],"version-history":[{"count":1,"href":"https:\/\/webdealta.info\/index.php?rest_route=\/wp\/v2\/posts\/1213\/revisions"}],"predecessor-version":[{"id":1217,"href":"https:\/\/webdealta.info\/index.php?rest_route=\/wp\/v2\/posts\/1213\/revisions\/1217"}],"wp:featuredmedia":[{"embeddable":true,"href":"https:\/\/webdealta.info\/index.php?rest_route=\/wp\/v2\/media\/1215"}],"wp:attachment":[{"href":"https:\/\/webdealta.info\/index.php?rest_route=%2Fwp%2Fv2%2Fmedia&parent=1213"}],"wp:term":[{"taxonomy":"category","embeddable":true,"href":"https:\/\/webdealta.info\/index.php?rest_route=%2Fwp%2Fv2%2Fcategories&post=1213"},{"taxonomy":"post_tag","embeddable":true,"href":"https:\/\/webdealta.info\/index.php?rest_route=%2Fwp%2Fv2%2Ftags&post=1213"}],"curies":[{"name":"wp","href":"https:\/\/api.w.org\/{rel}","templated":true}]}}