{"id":1202,"date":"2021-01-15T00:05:10","date_gmt":"2021-01-15T04:05:10","guid":{"rendered":"https:\/\/webdealta.info\/?p=1202"},"modified":"2021-01-15T00:06:33","modified_gmt":"2021-01-15T04:06:33","slug":"motor-en-periodo-de-prueba","status":"publish","type":"post","link":"https:\/\/webdealta.info\/?p=1202","title":{"rendered":"Motor en per\u00edodo de prueba"},"content":{"rendered":"\n<figure class=\"wp-block-image size-large\"><img loading=\"lazy\" decoding=\"async\" width=\"1024\" height=\"546\" src=\"https:\/\/webdealta.info\/wp-content\/uploads\/2021\/01\/comision-pro-fondos-webdealta-1024x546.jpeg\" alt=\"\" class=\"wp-image-1203\" srcset=\"https:\/\/webdealta.info\/wp-content\/uploads\/2021\/01\/comision-pro-fondos-webdealta.jpeg 1024w, https:\/\/webdealta.info\/wp-content\/uploads\/2021\/01\/comision-pro-fondos-webdealta.jpeg 300w, https:\/\/webdealta.info\/wp-content\/uploads\/2021\/01\/comision-pro-fondos-webdealta.jpeg 768w, https:\/\/webdealta.info\/wp-content\/uploads\/2021\/01\/comision-pro-fondos-webdealta.jpeg 1170w, https:\/\/webdealta.info\/wp-content\/uploads\/2021\/01\/comision-pro-fondos-webdealta.jpeg 1500w, https:\/\/webdealta.info\/wp-content\/uploads\/2021\/01\/comision-pro-fondos-webdealta.jpeg 1280w\" sizes=\"auto, (max-width: 640px) 100vw, 640px\" \/><figcaption>Siete de los ocho miembros de la comisi\u00f3n pro fondos estuvieron presentes al momento de encendido del motor <br> <\/figcaption><\/figure>\n\n\n\n<p>Amanda Saldivia<\/p>\n\n\n\n<p>A las 2:47 minutos de la tarde de este jueves 14 de enero fue encendido el motor de la toma flotante del embalse Guanapito, que fue reparado gracias a los recursos aportados por la sociedad civil de Altagracia, quienes atendieron el llamado de la comisi\u00f3n pro fondos integrada por Elisenda Tovar, Marisela De Angelis, Amparo Ballesteros, Amarilis Bandres, Argenis Pi\u00f1ero, Pablo Rojas, William Fourneau y la redactora de esta nota, acompa\u00f1ados por l\u00edderes vecinales y colaboradores de medios de comunicaci\u00f3n social.<\/p>\n\n\n\n<p>La responsabilidad de instalaci\u00f3n del motor recay\u00f3 en el equipo de Hidrop\u00e1ez, dirigido por el ingeniero \u00c1ngel Castellano, presidente de la Hidrol\u00f3gica de Gu\u00e1rico, quien acompa\u00f1ado por la alcaldesa Tania Sierra, miembros de la comisi\u00f3n pro fondos y equipo t\u00e9cnico, procedi\u00f3 con el encendido de la unidad reparada, la cual est\u00e1 en per\u00edodo de prueba, eso de acuerdo a lo expresado una vez que entr\u00f3 en servicio.<\/p>\n\n\n\n<figure class=\"wp-block-image size-large\"><img loading=\"lazy\" decoding=\"async\" width=\"1024\" height=\"546\" src=\"https:\/\/webdealta.info\/wp-content\/uploads\/2021\/01\/ingeniero-angel-Castellano-webdealta-1024x546.jpeg\" alt=\"\" class=\"wp-image-1206\" srcset=\"https:\/\/webdealta.info\/wp-content\/uploads\/2021\/01\/ingeniero-angel-Castellano-webdealta.jpeg 1024w, https:\/\/webdealta.info\/wp-content\/uploads\/2021\/01\/ingeniero-angel-Castellano-webdealta.jpeg 300w, https:\/\/webdealta.info\/wp-content\/uploads\/2021\/01\/ingeniero-angel-Castellano-webdealta.jpeg 768w, https:\/\/webdealta.info\/wp-content\/uploads\/2021\/01\/ingeniero-angel-Castellano-webdealta.jpeg 1170w, https:\/\/webdealta.info\/wp-content\/uploads\/2021\/01\/ingeniero-angel-Castellano-webdealta.jpeg 1500w, https:\/\/webdealta.info\/wp-content\/uploads\/2021\/01\/ingeniero-angel-Castellano-webdealta.jpeg 1280w\" sizes=\"auto, (max-width: 640px) 100vw, 640px\" \/><figcaption>Ingeniero \u00c1ngel Castellano, presidente de Hidrop\u00e1ez <\/figcaption><\/figure>\n\n\n\n<p>Desde tempranas horas de la ma\u00f1ana de este jueves, Maryori Gonz\u00e1lez, responsable de la Zona 3 de Hidrop\u00e1ez, el ingeniero Jos\u00e9 Luis Ruiz y el resto del personal, con el apoyo de la comisi\u00f3n por fondos, procedieron con las coordinaciones que permitieron llevar el motor hasta el embalse Guanapito y disponer de todo lo necesario para la puesta en funcionamiento.<\/p>\n\n\n\n<figure class=\"wp-block-image size-large\"><img loading=\"lazy\" decoding=\"async\" width=\"1024\" height=\"546\" src=\"https:\/\/webdealta.info\/wp-content\/uploads\/2021\/01\/Motor-en-marcha-webdealta-1024x546.jpeg\" alt=\"\" class=\"wp-image-1204\" srcset=\"https:\/\/webdealta.info\/wp-content\/uploads\/2021\/01\/Motor-en-marcha-webdealta.jpeg 1024w, https:\/\/webdealta.info\/wp-content\/uploads\/2021\/01\/Motor-en-marcha-webdealta.jpeg 300w, https:\/\/webdealta.info\/wp-content\/uploads\/2021\/01\/Motor-en-marcha-webdealta.jpeg 768w, https:\/\/webdealta.info\/wp-content\/uploads\/2021\/01\/Motor-en-marcha-webdealta.jpeg 1170w, https:\/\/webdealta.info\/wp-content\/uploads\/2021\/01\/Motor-en-marcha-webdealta.jpeg 1500w, https:\/\/webdealta.info\/wp-content\/uploads\/2021\/01\/Motor-en-marcha-webdealta.jpeg 1280w\" sizes=\"auto, (max-width: 640px) 100vw, 640px\" \/><figcaption>motor instalado en la toma flotante del embalse Guanapito <\/figcaption><\/figure>\n\n\n\n<p>Es un d\u00eda de satisfacci\u00f3n, porque se cumpli\u00f3 lo prometido, gracias a la confianza y el aporte de cientos de ciudadanos de Altagracia. La semana entrante est\u00e1 previsto un programa especial, en el cual se detallar\u00e1 todo el proceso, se presentar\u00e1n cuentas a la poblaci\u00f3n, adem\u00e1s de mencionar a los colaboradores, quienes fueron clave para alcanzar la meta.<\/p>\n\n\n\n<p>@amandasaldivia<\/p>\n\n\n\n<p><\/p>\n","protected":false},"excerpt":{"rendered":"<p>Amanda Saldivia A las 2:47 minutos de la tarde de este jueves 14 de enero fue encendido el motor de la toma flotante del embalse Guanapito, que fue reparado gracias a los recursos aportados por la sociedad civil de Altagracia, quienes atendieron el llamado de la comisi\u00f3n pro fondos integrada<\/p>\n","protected":false},"author":2,"featured_media":1205,"comment_status":"open","ping_status":"open","sticky":false,"template":"","format":"standard","meta":{"advanced_seo_description":"","jetpack_seo_html_title":"","jetpack_seo_noindex":false,"_jetpack_memberships_contains_paid_content":false,"footnotes":"","jetpack_publicize_message":"","jetpack_publicize_feature_enabled":true,"jetpack_social_post_already_shared":true,"jetpack_social_options":{"image_generator_settings":{"template":"highway","enabled":false},"version":2}},"categories":[50],"tags":[48,130,32],"class_list":["post-1202","post","type-post","status-publish","format-standard","has-post-thumbnail","hentry","category-iniciativas-ciudadanas","tag-aguapotable","tag-iniciativasciudadanas","tag-webdealta",""],"jetpack_publicize_connections":[],"jetpack_featured_media_url":"https:\/\/webdealta.info\/wp-content\/uploads\/2021\/01\/Motor-al-emblase-webdealta.jpeg","jetpack_sharing_enabled":true,"jetpack_likes_enabled":true,"jetpack-related-posts":[],"jetpack_shortlink":"https:\/\/wp.me\/pcseDn-jo","_links":{"self":[{"href":"https:\/\/webdealta.info\/index.php?rest_route=\/wp\/v2\/posts\/1202","targetHints":{"allow":["GET"]}}],"collection":[{"href":"https:\/\/webdealta.info\/index.php?rest_route=\/wp\/v2\/posts"}],"about":[{"href":"https:\/\/webdealta.info\/index.php?rest_route=\/wp\/v2\/types\/post"}],"author":[{"embeddable":true,"href":"https:\/\/webdealta.info\/index.php?rest_route=\/wp\/v2\/users\/2"}],"replies":[{"embeddable":true,"href":"https:\/\/webdealta.info\/index.php?rest_route=%2Fwp%2Fv2%2Fcomments&post=1202"}],"version-history":[{"count":1,"href":"https:\/\/webdealta.info\/index.php?rest_route=\/wp\/v2\/posts\/1202\/revisions"}],"predecessor-version":[{"id":1207,"href":"https:\/\/webdealta.info\/index.php?rest_route=\/wp\/v2\/posts\/1202\/revisions\/1207"}],"wp:featuredmedia":[{"embeddable":true,"href":"https:\/\/webdealta.info\/index.php?rest_route=\/wp\/v2\/media\/1205"}],"wp:attachment":[{"href":"https:\/\/webdealta.info\/index.php?rest_route=%2Fwp%2Fv2%2Fmedia&parent=1202"}],"wp:term":[{"taxonomy":"category","embeddable":true,"href":"https:\/\/webdealta.info\/index.php?rest_route=%2Fwp%2Fv2%2Fcategories&post=1202"},{"taxonomy":"post_tag","embeddable":true,"href":"https:\/\/webdealta.info\/index.php?rest_route=%2Fwp%2Fv2%2Ftags&post=1202"}],"curies":[{"name":"wp","href":"https:\/\/api.w.org\/{rel}","templated":true}]}}