{"id":1163,"date":"2021-01-10T13:06:15","date_gmt":"2021-01-10T17:06:15","guid":{"rendered":"https:\/\/webdealta.info\/?p=1163"},"modified":"2021-01-10T13:06:17","modified_gmt":"2021-01-10T17:06:17","slug":"restablecen-viajes-a-caracas","status":"publish","type":"post","link":"https:\/\/webdealta.info\/?p=1163","title":{"rendered":"Restablecen viajes a Caracas"},"content":{"rendered":"\n<h4 class=\"wp-block-heading\">Trascendi\u00f3 que retoman las rutas suburbanas e interurbanas luego de la cuarentena radical<\/h4>\n\n\n\n<p>Amanda Saldivia<\/p>\n\n\n\n<p>Jonny M\u00e9ndez, presidente de la L\u00ednea Hermanos Unidos, confirm\u00f3 que este lunes en la madrugada retomar\u00e1n la ruta Altagracia \u2013 Caracas, luego de cumplir una semana de restricciones, debido a la cuarentena radical anunciada por el gobierno nacional.<\/p>\n\n\n\n<p>Respecto al monto del pasaje dijo que est\u00e1 en 5 d\u00f3lares, los cuales se pueden cancelar en esa divisa, en bol\u00edvares en efectivo, por transferencia del mismo banco o pago m\u00f3vil, eso en coordinaci\u00f3n con el chofer de la unidad de transporte que preste el servicio.<\/p>\n\n\n\n<p>El directivo de la citada l\u00ednea de transporte colectivo agreg\u00f3, que desde la 1:30 am de este lunes 11 de enero, una camioneta saldr\u00e1 en recorrido desde Alto Ipare, con la finalidad de trasladar a los pasajeros que se encuentren en la v\u00eda y que se les dificulte llegar a la parada, ubicada en el sector Saladillo de Altagracia.<\/p>\n\n\n\n<p>@amandasaldivia<\/p>\n\n\n\n<p><\/p>\n","protected":false},"excerpt":{"rendered":"<p>Trascendi\u00f3 que retoman las rutas suburbanas e interurbanas luego de la cuarentena radical Amanda Saldivia Jonny M\u00e9ndez, presidente de la L\u00ednea Hermanos Unidos, confirm\u00f3 que este lunes en la madrugada retomar\u00e1n la ruta Altagracia \u2013 Caracas, luego de cumplir una semana de restricciones, debido a la cuarentena radical anunciada por<\/p>\n","protected":false},"author":2,"featured_media":1164,"comment_status":"open","ping_status":"open","sticky":false,"template":"","format":"standard","meta":{"advanced_seo_description":"","jetpack_seo_html_title":"","jetpack_seo_noindex":false,"_jetpack_memberships_contains_paid_content":false,"footnotes":"","jetpack_publicize_message":"","jetpack_publicize_feature_enabled":true,"jetpack_social_post_already_shared":true,"jetpack_social_options":{"image_generator_settings":{"template":"highway","enabled":false},"version":2}},"categories":[73],"tags":[8,9,32],"class_list":["post-1163","post","type-post","status-publish","format-standard","has-post-thumbnail","hentry","category-transporte-colectivo","tag-altagraciadeorituco","tag-transportepublico","tag-webdealta",""],"jetpack_publicize_connections":[],"jetpack_featured_media_url":"https:\/\/webdealta.info\/wp-content\/uploads\/2021\/01\/WhatsApp-Image-2020-11-11-at-9.36.51-AM.jpeg","jetpack_sharing_enabled":true,"jetpack_likes_enabled":true,"jetpack-related-posts":[],"jetpack_shortlink":"https:\/\/wp.me\/pcseDn-iL","_links":{"self":[{"href":"https:\/\/webdealta.info\/index.php?rest_route=\/wp\/v2\/posts\/1163","targetHints":{"allow":["GET"]}}],"collection":[{"href":"https:\/\/webdealta.info\/index.php?rest_route=\/wp\/v2\/posts"}],"about":[{"href":"https:\/\/webdealta.info\/index.php?rest_route=\/wp\/v2\/types\/post"}],"author":[{"embeddable":true,"href":"https:\/\/webdealta.info\/index.php?rest_route=\/wp\/v2\/users\/2"}],"replies":[{"embeddable":true,"href":"https:\/\/webdealta.info\/index.php?rest_route=%2Fwp%2Fv2%2Fcomments&post=1163"}],"version-history":[{"count":1,"href":"https:\/\/webdealta.info\/index.php?rest_route=\/wp\/v2\/posts\/1163\/revisions"}],"predecessor-version":[{"id":1165,"href":"https:\/\/webdealta.info\/index.php?rest_route=\/wp\/v2\/posts\/1163\/revisions\/1165"}],"wp:featuredmedia":[{"embeddable":true,"href":"https:\/\/webdealta.info\/index.php?rest_route=\/wp\/v2\/media\/1164"}],"wp:attachment":[{"href":"https:\/\/webdealta.info\/index.php?rest_route=%2Fwp%2Fv2%2Fmedia&parent=1163"}],"wp:term":[{"taxonomy":"category","embeddable":true,"href":"https:\/\/webdealta.info\/index.php?rest_route=%2Fwp%2Fv2%2Fcategories&post=1163"},{"taxonomy":"post_tag","embeddable":true,"href":"https:\/\/webdealta.info\/index.php?rest_route=%2Fwp%2Fv2%2Ftags&post=1163"}],"curies":[{"name":"wp","href":"https:\/\/api.w.org\/{rel}","templated":true}]}}