{"id":1156,"date":"2021-01-09T18:37:49","date_gmt":"2021-01-09T22:37:49","guid":{"rendered":"https:\/\/webdealta.info\/?p=1156"},"modified":"2021-01-09T18:37:51","modified_gmt":"2021-01-09T22:37:51","slug":"luis-leal-reelecto-presidente-del-concejo-municipal","status":"publish","type":"post","link":"https:\/\/webdealta.info\/?p=1156","title":{"rendered":"Luis Leal reelecto presidente del Concejo Municipal"},"content":{"rendered":"\n<p>Amanda Saldivia<\/p>\n\n\n\n<p>En la tarde de este s\u00e1bado ocho de enero fue electa la nueva directiva del Concejo Municipal, del municipio Jos\u00e9 Tadeo Monagas, Gu\u00e1rico, que regir\u00e1 para el per\u00edodo 2021-2022, en acto celebrado al frente de la plaza Bol\u00edvar de Altagracia.<\/p>\n\n\n\n<p>Por sexta vez fue ratificado como presidente de este \u00f3rgano legislativo el concejal Luis Guillermo Leal, quien destac\u00f3 que la reelecci\u00f3n en el cargo significa mayor compromiso con el municipio, a los fines de elaborar las ordenanzas que sean necesarias para garantizar la gobernabilidad y siempre con la consulta oportuna a la poblaci\u00f3n.<\/p>\n\n\n\n<p>El resto de la directiva del Concejo Municipal qued\u00f3 integrada por la concejala Clariusba Infante en la vicepresidencia, adem\u00e1s fue ratificado Efra\u00edn Mejias como Secretario y Yannajari Pe\u00f1a, en la subsecretar\u00eda.<\/p>\n\n\n\n<p>@amandasaldivia<\/p>\n\n\n\n<p><\/p>\n","protected":false},"excerpt":{"rendered":"<p>Amanda Saldivia En la tarde de este s\u00e1bado ocho de enero fue electa la nueva directiva del Concejo Municipal, del municipio Jos\u00e9 Tadeo Monagas, Gu\u00e1rico, que regir\u00e1 para el per\u00edodo 2021-2022, en acto celebrado al frente de la plaza Bol\u00edvar de Altagracia. Por sexta vez fue ratificado como presidente de<\/p>\n","protected":false},"author":2,"featured_media":1158,"comment_status":"open","ping_status":"open","sticky":false,"template":"","format":"standard","meta":{"advanced_seo_description":"","jetpack_seo_html_title":"","jetpack_seo_noindex":false,"_jetpack_memberships_contains_paid_content":false,"footnotes":"","jetpack_publicize_message":"","jetpack_publicize_feature_enabled":true,"jetpack_social_post_already_shared":true,"jetpack_social_options":{"image_generator_settings":{"template":"highway","enabled":false},"version":2}},"categories":[15],"tags":[8,128,32],"class_list":["post-1156","post","type-post","status-publish","format-standard","has-post-thumbnail","hentry","category-municipalidad","tag-altagraciadeorituco","tag-concejomunicipal","tag-webdealta",""],"jetpack_publicize_connections":[],"jetpack_featured_media_url":"https:\/\/webdealta.info\/wp-content\/uploads\/2021\/01\/Luis-Guillermo-Leal-webdealta-1.jpeg","jetpack_sharing_enabled":true,"jetpack_likes_enabled":true,"jetpack-related-posts":[],"jetpack_shortlink":"https:\/\/wp.me\/pcseDn-iE","_links":{"self":[{"href":"https:\/\/webdealta.info\/index.php?rest_route=\/wp\/v2\/posts\/1156","targetHints":{"allow":["GET"]}}],"collection":[{"href":"https:\/\/webdealta.info\/index.php?rest_route=\/wp\/v2\/posts"}],"about":[{"href":"https:\/\/webdealta.info\/index.php?rest_route=\/wp\/v2\/types\/post"}],"author":[{"embeddable":true,"href":"https:\/\/webdealta.info\/index.php?rest_route=\/wp\/v2\/users\/2"}],"replies":[{"embeddable":true,"href":"https:\/\/webdealta.info\/index.php?rest_route=%2Fwp%2Fv2%2Fcomments&post=1156"}],"version-history":[{"count":1,"href":"https:\/\/webdealta.info\/index.php?rest_route=\/wp\/v2\/posts\/1156\/revisions"}],"predecessor-version":[{"id":1159,"href":"https:\/\/webdealta.info\/index.php?rest_route=\/wp\/v2\/posts\/1156\/revisions\/1159"}],"wp:featuredmedia":[{"embeddable":true,"href":"https:\/\/webdealta.info\/index.php?rest_route=\/wp\/v2\/media\/1158"}],"wp:attachment":[{"href":"https:\/\/webdealta.info\/index.php?rest_route=%2Fwp%2Fv2%2Fmedia&parent=1156"}],"wp:term":[{"taxonomy":"category","embeddable":true,"href":"https:\/\/webdealta.info\/index.php?rest_route=%2Fwp%2Fv2%2Fcategories&post=1156"},{"taxonomy":"post_tag","embeddable":true,"href":"https:\/\/webdealta.info\/index.php?rest_route=%2Fwp%2Fv2%2Ftags&post=1156"}],"curies":[{"name":"wp","href":"https:\/\/api.w.org\/{rel}","templated":true}]}}