{"id":1152,"date":"2021-01-09T12:11:46","date_gmt":"2021-01-09T16:11:46","guid":{"rendered":"https:\/\/webdealta.info\/?p=1152"},"modified":"2021-01-09T12:11:53","modified_gmt":"2021-01-09T16:11:53","slug":"docentes-jubilados-cobran-012-centavos-de-dolar-diarios","status":"publish","type":"post","link":"https:\/\/webdealta.info\/?p=1152","title":{"rendered":"Docentes jubilados cobran 0,12 centavos de d\u00f3lar diarios"},"content":{"rendered":"\n<p>Amanda Saldivia<\/p>\n\n\n\n<p>Se acerca el D\u00eda del Maestro y las organizaciones sindicales comienzan a exponer que no hay razones para celebrar, porque el Ministerio de Educaci\u00f3n desde hace m\u00e1s de dos a\u00f1os desconoci\u00f3 la contrataci\u00f3n colectiva y comenz\u00f3 un proceso donde el salario no cubre ni siquiera un d\u00eda de alimentaci\u00f3n.<\/p>\n\n\n\n<p>En Altagracia de Orituco, Eicherl Hern\u00e1ndez, Secretario Ejecutivo de Sinteg Gu\u00e1rico, filial de Fetraense\u00f1anza, expuso a manera de ejemplo que el salario de un docente, categor\u00eda V, jubilado, es de 5.824.714 bol\u00edvares, el cual si se toma como referencia el valor &nbsp;del d\u00f3lar del viernes ocho de enero que se ubic\u00f3 en 1.531.250,58 bol\u00edvares, el ingreso de este profesional equivale a 0,12 centavos de d\u00f3lar diarios.<\/p>\n\n\n\n<p>Igualmente alert\u00f3, que el Ministerio pretende que las evaluaciones de los estudiantes sean presenciales a partir del 11 de enero, motivo por el cual recomend\u00f3 a los docentes activos que elaboren actas en las cuales dejen asentado las razones por las cuales no pueden asumir esa responsabilidad, no solo por los bajos salarios, sino porque atenta contra la salud de ellos y su entorno familiar, eso al relacionarlo con el covid-19 y lo costoso del tratamiento, porque adem\u00e1s no cuentan con seguro de HCM.<\/p>\n\n\n\n<p>Al referirse al 15 de enero, fecha en la cual se reconoce la labor de los docentes venezolanos y se recuerda precisamente la lucha de los educadores desde el a\u00f1o 1932 con el nacimiento de la Sociedad de Maestros y posteriormente la Federaci\u00f3n, dijo que est\u00e1n \u201cplanificando acciones para protestar por un salario justo y una mejor calidad de vida, es justicia que pedimos y exigimos\u201d, reafirm\u00f3 Eicherl Hern\u00e1ndez.<\/p>\n\n\n\n<p>@amandasaldivia<\/p>\n\n\n\n<p><\/p>\n","protected":false},"excerpt":{"rendered":"<p>Amanda Saldivia Se acerca el D\u00eda del Maestro y las organizaciones sindicales comienzan a exponer que no hay razones para celebrar, porque el Ministerio de Educaci\u00f3n desde hace m\u00e1s de dos a\u00f1os desconoci\u00f3 la contrataci\u00f3n colectiva y comenz\u00f3 un proceso donde el salario no cubre ni siquiera un d\u00eda de<\/p>\n","protected":false},"author":2,"featured_media":1153,"comment_status":"open","ping_status":"open","sticky":false,"template":"","format":"standard","meta":{"advanced_seo_description":"","jetpack_seo_html_title":"","jetpack_seo_noindex":false,"_jetpack_memberships_contains_paid_content":false,"footnotes":"","jetpack_publicize_message":"","jetpack_publicize_feature_enabled":true,"jetpack_social_post_already_shared":true,"jetpack_social_options":{"image_generator_settings":{"template":"highway","enabled":false},"version":2}},"categories":[126],"tags":[8,127,32],"class_list":["post-1152","post","type-post","status-publish","format-standard","has-post-thumbnail","hentry","category-gremio-educativo","tag-altagraciadeorituco","tag-gremioeducativo","tag-webdealta",""],"jetpack_publicize_connections":[],"jetpack_featured_media_url":"https:\/\/webdealta.info\/wp-content\/uploads\/2021\/01\/Webdealta.png","jetpack_sharing_enabled":true,"jetpack_likes_enabled":true,"jetpack-related-posts":[],"jetpack_shortlink":"https:\/\/wp.me\/pcseDn-iA","_links":{"self":[{"href":"https:\/\/webdealta.info\/index.php?rest_route=\/wp\/v2\/posts\/1152","targetHints":{"allow":["GET"]}}],"collection":[{"href":"https:\/\/webdealta.info\/index.php?rest_route=\/wp\/v2\/posts"}],"about":[{"href":"https:\/\/webdealta.info\/index.php?rest_route=\/wp\/v2\/types\/post"}],"author":[{"embeddable":true,"href":"https:\/\/webdealta.info\/index.php?rest_route=\/wp\/v2\/users\/2"}],"replies":[{"embeddable":true,"href":"https:\/\/webdealta.info\/index.php?rest_route=%2Fwp%2Fv2%2Fcomments&post=1152"}],"version-history":[{"count":1,"href":"https:\/\/webdealta.info\/index.php?rest_route=\/wp\/v2\/posts\/1152\/revisions"}],"predecessor-version":[{"id":1154,"href":"https:\/\/webdealta.info\/index.php?rest_route=\/wp\/v2\/posts\/1152\/revisions\/1154"}],"wp:featuredmedia":[{"embeddable":true,"href":"https:\/\/webdealta.info\/index.php?rest_route=\/wp\/v2\/media\/1153"}],"wp:attachment":[{"href":"https:\/\/webdealta.info\/index.php?rest_route=%2Fwp%2Fv2%2Fmedia&parent=1152"}],"wp:term":[{"taxonomy":"category","embeddable":true,"href":"https:\/\/webdealta.info\/index.php?rest_route=%2Fwp%2Fv2%2Fcategories&post=1152"},{"taxonomy":"post_tag","embeddable":true,"href":"https:\/\/webdealta.info\/index.php?rest_route=%2Fwp%2Fv2%2Ftags&post=1152"}],"curies":[{"name":"wp","href":"https:\/\/api.w.org\/{rel}","templated":true}]}}