{"id":1117,"date":"2021-01-05T15:52:14","date_gmt":"2021-01-05T19:52:14","guid":{"rendered":"https:\/\/webdealta.info\/?p=1117"},"modified":"2021-01-05T15:52:16","modified_gmt":"2021-01-05T19:52:16","slug":"el-apagon-fue-por-falla-en-la-subestacion","status":"publish","type":"post","link":"https:\/\/webdealta.info\/?p=1117","title":{"rendered":"El apag\u00f3n fue por falla en la subestaci\u00f3n"},"content":{"rendered":"\n<p>Amanda Saldivia<\/p>\n\n\n\n<p>Aunque hasta el momento no hay un informe oficial, se pudo conocer que las fallas el\u00e9ctricas registradas este lunes cuatro e incluso en la ma\u00f1ana de este martes cinco de enero, fueron producto de una aver\u00eda en la subestaci\u00f3n Altagracia, la cual amerit\u00f3 el apoyo de personal especializado de Corpoelec Valle de la Pascua, para efectuar las reparaciones pertinentes.<\/p>\n\n\n\n<p>Al menos en tres oportunidades todos los circuitos que dependen de la subestaci\u00f3n quedaron sin energ\u00eda y el m\u00e1s afectado fue Lezama, que incluye adem\u00e1s de esa poblaci\u00f3n, a San Rafael de Orituco, parte de Tricentenario y Brisas del Pe\u00f1\u00f3n.<\/p>\n\n\n\n<p>Se estima que este corte dej\u00f3 sin servicio a aproximadamente a cuatro mil familias, quienes no tuvieron suministro el\u00e9ctrico desde la 1:00 pm del lunes hasta las 7:30 am del martes.<\/p>\n\n\n\n<p>@amandasaldivia<\/p>\n\n\n\n<p><\/p>\n","protected":false},"excerpt":{"rendered":"<p>Amanda Saldivia Aunque hasta el momento no hay un informe oficial, se pudo conocer que las fallas el\u00e9ctricas registradas este lunes cuatro e incluso en la ma\u00f1ana de este martes cinco de enero, fueron producto de una aver\u00eda en la subestaci\u00f3n Altagracia, la cual amerit\u00f3 el apoyo de personal especializado<\/p>\n","protected":false},"author":2,"featured_media":0,"comment_status":"open","ping_status":"open","sticky":false,"template":"","format":"standard","meta":{"advanced_seo_description":"","jetpack_seo_html_title":"","jetpack_seo_noindex":false,"_jetpack_memberships_contains_paid_content":false,"footnotes":"","jetpack_publicize_message":"","jetpack_publicize_feature_enabled":true,"jetpack_social_post_already_shared":true,"jetpack_social_options":{"image_generator_settings":{"template":"highway","enabled":false},"version":2}},"categories":[122],"tags":[8,123,32],"class_list":["post-1117","post","type-post","status-publish","format-standard","hentry","category-electricidad","tag-altagraciadeorituco","tag-sinluz","tag-webdealta",""],"jetpack_publicize_connections":[],"jetpack_featured_media_url":"","jetpack_sharing_enabled":true,"jetpack_likes_enabled":true,"jetpack-related-posts":[],"jetpack_shortlink":"https:\/\/wp.me\/pcseDn-i1","_links":{"self":[{"href":"https:\/\/webdealta.info\/index.php?rest_route=\/wp\/v2\/posts\/1117","targetHints":{"allow":["GET"]}}],"collection":[{"href":"https:\/\/webdealta.info\/index.php?rest_route=\/wp\/v2\/posts"}],"about":[{"href":"https:\/\/webdealta.info\/index.php?rest_route=\/wp\/v2\/types\/post"}],"author":[{"embeddable":true,"href":"https:\/\/webdealta.info\/index.php?rest_route=\/wp\/v2\/users\/2"}],"replies":[{"embeddable":true,"href":"https:\/\/webdealta.info\/index.php?rest_route=%2Fwp%2Fv2%2Fcomments&post=1117"}],"version-history":[{"count":1,"href":"https:\/\/webdealta.info\/index.php?rest_route=\/wp\/v2\/posts\/1117\/revisions"}],"predecessor-version":[{"id":1118,"href":"https:\/\/webdealta.info\/index.php?rest_route=\/wp\/v2\/posts\/1117\/revisions\/1118"}],"wp:attachment":[{"href":"https:\/\/webdealta.info\/index.php?rest_route=%2Fwp%2Fv2%2Fmedia&parent=1117"}],"wp:term":[{"taxonomy":"category","embeddable":true,"href":"https:\/\/webdealta.info\/index.php?rest_route=%2Fwp%2Fv2%2Fcategories&post=1117"},{"taxonomy":"post_tag","embeddable":true,"href":"https:\/\/webdealta.info\/index.php?rest_route=%2Fwp%2Fv2%2Ftags&post=1117"}],"curies":[{"name":"wp","href":"https:\/\/api.w.org\/{rel}","templated":true}]}}