{"id":1107,"date":"2021-01-05T14:33:37","date_gmt":"2021-01-05T18:33:37","guid":{"rendered":"https:\/\/webdealta.info\/?p=1107"},"modified":"2021-01-05T14:33:39","modified_gmt":"2021-01-05T18:33:39","slug":"alcances-de-la-cuarentena-radical","status":"publish","type":"post","link":"https:\/\/webdealta.info\/?p=1107","title":{"rendered":"Alcances de la cuarentena radical"},"content":{"rendered":"\n<p>Amanda Saldivia<\/p>\n\n\n\n<p>El coronel Walner Vivas, comandante del \u00c1rea de Defensa Integral 355 Tamanaco, dio a conocer los alcances de las medidas adoptadas durante el lapso de cuarentena radical establecida desde este lunes 4 hasta el pr\u00f3ximo domingo 10 de enero, entre las cuales destaca las restricciones para viajar fuera del municipio Monagas, Gu\u00e1rico, mientras la movilizaci\u00f3n interna de veh\u00edculos se mantiene.<\/p>\n\n\n\n<p>Durante el programa Tiempo de Cambios, por Guara\u00f1a 97.5 FM. precis\u00f3 que la \u00fanica instituci\u00f3n autorizada para emitir salvoconducto es la Zodi Gu\u00e1rico y \u00e9ste debe ser tramitado ante la ADI 355 Tamanaco, cuya oficina est\u00e1 ubicada en el M\u00f3dulo de Servicios de Camoruco, en Altagracia de Orituco.<\/p>\n\n\n\n<p>En referencia al \u00e1rea comercial, precis\u00f3 que los expendios de alimentos y medicinas est\u00e1n autorizados a laborar hasta las 2:00 pm, mientras los de comida r\u00e1pida hasta las 6:00 pm, pero solo bajo la modalidad para llevar, es decir sin permanencia de clientes en el establecimiento.<\/p>\n\n\n\n<p>Al preguntarle sobre el despacho de gasolina, si ser\u00eda solo para sectores priorizados, dijo que seguir\u00e1 conforme a lo previsto hasta el momento, por el terminal del n\u00famero de placa del veh\u00edculo.<\/p>\n\n\n\n<p>El coronel Vivas hizo hincapi\u00e9 en la obligatoriedad del uso del tapabocas y que en la caso de los comercios, quienes atiende al p\u00fablico debe adicionalmente disponer de guantes, adem\u00e1s de aplicar a los clientes productos para la desinfecci\u00f3n de las manos, tales como mezclas de cloro o alcohol.<\/p>\n\n\n\n<p>Por \u00faltimo, indic\u00f3 que se mantendr\u00e1n puntos de control, a los fines de dar cumplimiento a las restricciones de circulaci\u00f3n fuera del municipio Monagas.<\/p>\n\n\n\n<p>@amandasaldivia<\/p>\n\n\n\n<p><\/p>\n","protected":false},"excerpt":{"rendered":"<p>Amanda Saldivia El coronel Walner Vivas, comandante del \u00c1rea de Defensa Integral 355 Tamanaco, dio a conocer los alcances de las medidas adoptadas durante el lapso de cuarentena radical establecida desde este lunes 4 hasta el pr\u00f3ximo domingo 10 de enero, entre las cuales destaca las restricciones para viajar fuera<\/p>\n","protected":false},"author":2,"featured_media":1108,"comment_status":"open","ping_status":"open","sticky":false,"template":"","format":"standard","meta":{"advanced_seo_description":"","jetpack_seo_html_title":"","jetpack_seo_noindex":false,"_jetpack_memberships_contains_paid_content":false,"footnotes":"","jetpack_publicize_message":"","jetpack_publicize_feature_enabled":true,"jetpack_social_post_already_shared":true,"jetpack_social_options":{"image_generator_settings":{"template":"highway","enabled":false},"version":2}},"categories":[121],"tags":[8,11,32],"class_list":["post-1107","post","type-post","status-publish","format-standard","has-post-thumbnail","hentry","category-cuarentena","tag-altagraciadeorituco","tag-covid19","tag-webdealta",""],"jetpack_publicize_connections":[],"jetpack_featured_media_url":"https:\/\/webdealta.info\/wp-content\/uploads\/2021\/01\/Cuarentena-webdealta.jpeg","jetpack_sharing_enabled":true,"jetpack_likes_enabled":true,"jetpack-related-posts":[],"jetpack_shortlink":"https:\/\/wp.me\/pcseDn-hR","_links":{"self":[{"href":"https:\/\/webdealta.info\/index.php?rest_route=\/wp\/v2\/posts\/1107","targetHints":{"allow":["GET"]}}],"collection":[{"href":"https:\/\/webdealta.info\/index.php?rest_route=\/wp\/v2\/posts"}],"about":[{"href":"https:\/\/webdealta.info\/index.php?rest_route=\/wp\/v2\/types\/post"}],"author":[{"embeddable":true,"href":"https:\/\/webdealta.info\/index.php?rest_route=\/wp\/v2\/users\/2"}],"replies":[{"embeddable":true,"href":"https:\/\/webdealta.info\/index.php?rest_route=%2Fwp%2Fv2%2Fcomments&post=1107"}],"version-history":[{"count":1,"href":"https:\/\/webdealta.info\/index.php?rest_route=\/wp\/v2\/posts\/1107\/revisions"}],"predecessor-version":[{"id":1109,"href":"https:\/\/webdealta.info\/index.php?rest_route=\/wp\/v2\/posts\/1107\/revisions\/1109"}],"wp:featuredmedia":[{"embeddable":true,"href":"https:\/\/webdealta.info\/index.php?rest_route=\/wp\/v2\/media\/1108"}],"wp:attachment":[{"href":"https:\/\/webdealta.info\/index.php?rest_route=%2Fwp%2Fv2%2Fmedia&parent=1107"}],"wp:term":[{"taxonomy":"category","embeddable":true,"href":"https:\/\/webdealta.info\/index.php?rest_route=%2Fwp%2Fv2%2Fcategories&post=1107"},{"taxonomy":"post_tag","embeddable":true,"href":"https:\/\/webdealta.info\/index.php?rest_route=%2Fwp%2Fv2%2Ftags&post=1107"}],"curies":[{"name":"wp","href":"https:\/\/api.w.org\/{rel}","templated":true}]}}