{"id":1103,"date":"2021-01-03T15:08:32","date_gmt":"2021-01-03T19:08:32","guid":{"rendered":"https:\/\/webdealta.info\/?p=1103"},"modified":"2021-01-03T15:08:36","modified_gmt":"2021-01-03T19:08:36","slug":"vuelve-la-alcabala-sanitaria-y-la-desinfeccion","status":"publish","type":"post","link":"https:\/\/webdealta.info\/?p=1103","title":{"rendered":"Vuelve la alcabala sanitaria y la desinfecci\u00f3n"},"content":{"rendered":"\n<p>Amanda Saldivia<\/p>\n\n\n\n<p>La activaci\u00f3n de la cuarentena radical este lunes cuatro de enero incluye la instalaci\u00f3n de la alcabala sanitaria en la troncal 11, a la salida de San Rafael de Orituco, adem\u00e1s de la desinfecci\u00f3n de las principales calles de Altagracia, con \u00e9nfasis en la Ilustres Pr\u00f3ceres y el sector Saladillo.<\/p>\n\n\n\n<p>La informaci\u00f3n la dio a conocer este domingo el Dr. Arqu\u00edmedes M\u00e1rquez, autoridad \u00fanica de salud del municipio Monagas, quien precis\u00f3 que el despliegue se har\u00e1 este lunes desde la plaza Bol\u00edvar, lugar donde se concentrar\u00e1 el personal de salud, funcionarios del cuerpo de bomberos Andr\u00e9 Fourneau y Protecci\u00f3n Civil.<\/p>\n\n\n\n<p>Al referirse a las estad\u00edsticas de posible covid-19, dijo que en la sala de aislamiento del hospital Dr. Jos\u00e9 Francisco Torrealba no hay pacientes ingresados, ya que los casos complicados fueron remitidos al Ranuarez Balza de San Juan de los Morros.<\/p>\n\n\n\n<p>@amandasaldivia<\/p>\n\n\n\n<p><\/p>\n\n\n\n<p><\/p>\n","protected":false},"excerpt":{"rendered":"<p>Amanda Saldivia La activaci\u00f3n de la cuarentena radical este lunes cuatro de enero incluye la instalaci\u00f3n de la alcabala sanitaria en la troncal 11, a la salida de San Rafael de Orituco, adem\u00e1s de la desinfecci\u00f3n de las principales calles de Altagracia, con \u00e9nfasis en la Ilustres Pr\u00f3ceres y el<\/p>\n","protected":false},"author":2,"featured_media":1104,"comment_status":"open","ping_status":"open","sticky":false,"template":"","format":"standard","meta":{"advanced_seo_description":"","jetpack_seo_html_title":"","jetpack_seo_noindex":false,"_jetpack_memberships_contains_paid_content":false,"footnotes":"","jetpack_publicize_message":"","jetpack_publicize_feature_enabled":true,"jetpack_social_post_already_shared":true,"jetpack_social_options":{"image_generator_settings":{"template":"highway","enabled":false},"version":2}},"categories":[12],"tags":[8,11,32],"class_list":["post-1103","post","type-post","status-publish","format-standard","has-post-thumbnail","hentry","category-salud","tag-altagraciadeorituco","tag-covid19","tag-webdealta",""],"jetpack_publicize_connections":[],"jetpack_featured_media_url":"https:\/\/webdealta.info\/wp-content\/uploads\/2021\/01\/Desinfeccion-en-Altagracia-webdealta.jpeg","jetpack_sharing_enabled":true,"jetpack_likes_enabled":true,"jetpack-related-posts":[],"jetpack_shortlink":"https:\/\/wp.me\/pcseDn-hN","_links":{"self":[{"href":"https:\/\/webdealta.info\/index.php?rest_route=\/wp\/v2\/posts\/1103","targetHints":{"allow":["GET"]}}],"collection":[{"href":"https:\/\/webdealta.info\/index.php?rest_route=\/wp\/v2\/posts"}],"about":[{"href":"https:\/\/webdealta.info\/index.php?rest_route=\/wp\/v2\/types\/post"}],"author":[{"embeddable":true,"href":"https:\/\/webdealta.info\/index.php?rest_route=\/wp\/v2\/users\/2"}],"replies":[{"embeddable":true,"href":"https:\/\/webdealta.info\/index.php?rest_route=%2Fwp%2Fv2%2Fcomments&post=1103"}],"version-history":[{"count":1,"href":"https:\/\/webdealta.info\/index.php?rest_route=\/wp\/v2\/posts\/1103\/revisions"}],"predecessor-version":[{"id":1105,"href":"https:\/\/webdealta.info\/index.php?rest_route=\/wp\/v2\/posts\/1103\/revisions\/1105"}],"wp:featuredmedia":[{"embeddable":true,"href":"https:\/\/webdealta.info\/index.php?rest_route=\/wp\/v2\/media\/1104"}],"wp:attachment":[{"href":"https:\/\/webdealta.info\/index.php?rest_route=%2Fwp%2Fv2%2Fmedia&parent=1103"}],"wp:term":[{"taxonomy":"category","embeddable":true,"href":"https:\/\/webdealta.info\/index.php?rest_route=%2Fwp%2Fv2%2Fcategories&post=1103"},{"taxonomy":"post_tag","embeddable":true,"href":"https:\/\/webdealta.info\/index.php?rest_route=%2Fwp%2Fv2%2Ftags&post=1103"}],"curies":[{"name":"wp","href":"https:\/\/api.w.org\/{rel}","templated":true}]}}