{"id":1100,"date":"2021-01-02T19:29:06","date_gmt":"2021-01-02T23:29:06","guid":{"rendered":"https:\/\/webdealta.info\/?p=1100"},"modified":"2021-01-02T19:29:10","modified_gmt":"2021-01-02T23:29:10","slug":"no-habra-transporte-colectivo-fuera-del-municipio","status":"publish","type":"post","link":"https:\/\/webdealta.info\/?p=1100","title":{"rendered":"No habr\u00e1 transporte colectivo fuera del municipio"},"content":{"rendered":"\n<h4 class=\"wp-block-heading\">La medida ser\u00e1 desde el pr\u00f3ximo lunes 4 hasta el domingo 10 de enero<\/h4>\n\n\n\n<p>Amanda Saldivia<\/p>\n\n\n\n<p>Como parte de la cuarentena radical que entra el vigencia el pr\u00f3ximo lunes cuatro de enero, queda suspendido el transporte colectivo suburbano e interurbano, eso de acuerdo a lo informado por Carlos Salas, director de Transporte de la Alcald\u00eda del municipio Monagas, medida que incluye las rutas a San Juan de los Morros, Valle de la Pascua, Caracas, Barcelona, Puerto La Cruz y otros destinos fuera del municipio Jos\u00e9 Tadeo Monagas, estado Gu\u00e1rico.<\/p>\n\n\n\n<p>Carlos Salas puntualiz\u00f3 que se mantienen las rutas urbanas, adem\u00e1s de los traslados a las parroquias Lezama, San Rafael, Macaira y Paso Real, todas con horario hasta la 1:00 pm y la exigencia de las normas de bioseguridad, entre ellas el uso del tapabocas.<\/p>\n\n\n\n<p>Comparti\u00f3 los acuerdos establecidos con el sector transporte y autoridades municipales, tras la reuni\u00f3n celebrada en la tarde de este s\u00e1bado dos de enero. Estos fueron los siguientes:<\/p>\n\n\n\n<ul class=\"wp-block-list\"><li>Se retoman obligatoriamente las medidas de bioseguridad en las unidades de transporte p\u00fablico.<\/li><li>Se proh\u00edbe terminantemente pasajeros de pie y aglomeraci\u00f3n en las unidades de transporte p\u00fablico.<\/li><li>El horario de presentaci\u00f3n de servicio de transporte ser\u00e1 hasta la 1:00 PM.<\/li><li>Se proh\u00edbe terminantemente los viajes fuera del municipio Jos\u00e9 Tadeo Monagas por parte del transporte p\u00fablico.<\/li><\/ul>\n\n\n\n<p>@amandasaldivia<\/p>\n\n\n\n<p><\/p>\n","protected":false},"excerpt":{"rendered":"<p>La medida ser\u00e1 desde el pr\u00f3ximo lunes 4 hasta el domingo 10 de enero Amanda Saldivia Como parte de la cuarentena radical que entra el vigencia el pr\u00f3ximo lunes cuatro de enero, queda suspendido el transporte colectivo suburbano e interurbano, eso de acuerdo a lo informado por Carlos Salas, director<\/p>\n","protected":false},"author":2,"featured_media":701,"comment_status":"open","ping_status":"open","sticky":false,"template":"","format":"standard","meta":{"advanced_seo_description":"","jetpack_seo_html_title":"","jetpack_seo_noindex":false,"_jetpack_memberships_contains_paid_content":false,"footnotes":"","jetpack_publicize_message":"","jetpack_publicize_feature_enabled":true,"jetpack_social_post_already_shared":true,"jetpack_social_options":{"image_generator_settings":{"template":"highway","enabled":false},"version":2}},"categories":[73],"tags":[120,9,32],"class_list":["post-1100","post","type-post","status-publish","format-standard","has-post-thumbnail","hentry","category-transporte-colectivo","tag-cuarentenaradical","tag-transportepublico","tag-webdealta",""],"jetpack_publicize_connections":[],"jetpack_featured_media_url":"https:\/\/webdealta.info\/wp-content\/uploads\/2020\/11\/WhatsApp-Image-2020-11-11-at-9.36.51-AM.jpeg","jetpack_sharing_enabled":true,"jetpack_likes_enabled":true,"jetpack-related-posts":[],"jetpack_shortlink":"https:\/\/wp.me\/pcseDn-hK","_links":{"self":[{"href":"https:\/\/webdealta.info\/index.php?rest_route=\/wp\/v2\/posts\/1100","targetHints":{"allow":["GET"]}}],"collection":[{"href":"https:\/\/webdealta.info\/index.php?rest_route=\/wp\/v2\/posts"}],"about":[{"href":"https:\/\/webdealta.info\/index.php?rest_route=\/wp\/v2\/types\/post"}],"author":[{"embeddable":true,"href":"https:\/\/webdealta.info\/index.php?rest_route=\/wp\/v2\/users\/2"}],"replies":[{"embeddable":true,"href":"https:\/\/webdealta.info\/index.php?rest_route=%2Fwp%2Fv2%2Fcomments&post=1100"}],"version-history":[{"count":1,"href":"https:\/\/webdealta.info\/index.php?rest_route=\/wp\/v2\/posts\/1100\/revisions"}],"predecessor-version":[{"id":1101,"href":"https:\/\/webdealta.info\/index.php?rest_route=\/wp\/v2\/posts\/1100\/revisions\/1101"}],"wp:featuredmedia":[{"embeddable":true,"href":"https:\/\/webdealta.info\/index.php?rest_route=\/wp\/v2\/media\/701"}],"wp:attachment":[{"href":"https:\/\/webdealta.info\/index.php?rest_route=%2Fwp%2Fv2%2Fmedia&parent=1100"}],"wp:term":[{"taxonomy":"category","embeddable":true,"href":"https:\/\/webdealta.info\/index.php?rest_route=%2Fwp%2Fv2%2Fcategories&post=1100"},{"taxonomy":"post_tag","embeddable":true,"href":"https:\/\/webdealta.info\/index.php?rest_route=%2Fwp%2Fv2%2Ftags&post=1100"}],"curies":[{"name":"wp","href":"https:\/\/api.w.org\/{rel}","templated":true}]}}