{"id":1083,"date":"2020-12-29T17:01:13","date_gmt":"2020-12-29T21:01:13","guid":{"rendered":"https:\/\/webdealta.info\/?p=1083"},"modified":"2020-12-29T17:01:19","modified_gmt":"2020-12-29T21:01:19","slug":"resalto-la-mistica-de-trabajo-del-sector-salud","status":"publish","type":"post","link":"https:\/\/webdealta.info\/?p=1083","title":{"rendered":"Resalt\u00f3 la m\u00edstica de trabajo del sector salud"},"content":{"rendered":"\n<p>Amanda Saldivia<\/p>\n\n\n\n<figure class=\"wp-block-image size-large\"><img loading=\"lazy\" decoding=\"async\" width=\"1024\" height=\"512\" src=\"https:\/\/webdealta.info\/wp-content\/uploads\/2020\/12\/Dr.-Arquimedes-Marquez-webdealta-1024x512.jpeg\" alt=\"\" class=\"wp-image-1085\" srcset=\"https:\/\/webdealta.info\/wp-content\/uploads\/2020\/12\/Dr.-Arquimedes-Marquez-webdealta.jpeg 1024w, https:\/\/webdealta.info\/wp-content\/uploads\/2020\/12\/Dr.-Arquimedes-Marquez-webdealta.jpeg 300w, https:\/\/webdealta.info\/wp-content\/uploads\/2020\/12\/Dr.-Arquimedes-Marquez-webdealta.jpeg 768w, https:\/\/webdealta.info\/wp-content\/uploads\/2020\/12\/Dr.-Arquimedes-Marquez-webdealta.jpeg 1080w\" sizes=\"auto, (max-width: 640px) 100vw, 640px\" \/><figcaption>Dr. Arqu\u00edmedes M\u00e1rquez, autoridad \u00fanica de salud del municipio Monagas, Gu\u00e1rico<\/figcaption><\/figure>\n\n\n\n<p>Sin dejar de reconocer las debilidades del sector, el Dr. Arqu\u00edmedes M\u00e1rquez, autoridad \u00fanica de salud del municipio Monagas, Gu\u00e1rico, se refiri\u00f3 a los aspectos m\u00e1s resaltantes de este 2020 como parte del balance del a\u00f1o, entre ellos la m\u00edstica del personal que labora en el hospital Dr. Jos\u00e9 Francisco Torrealba y la red ambulatoria, quienes atendieron a la poblaci\u00f3n con todas las situaciones adversas, incluida la pandemia de covid-19.<\/p>\n\n\n\n<p>Al referirse a la inversi\u00f3n en infraestructura, detall\u00f3 la realizada por la alcald\u00eda del municipio Monagas para inauguraci\u00f3n la Farmacia Comunitaria, las gestiones ante la Direcci\u00f3n Regional de Salud que permitieron abrir luego de 10 a\u00f1os el ambulatorio del sector San Juan, la reinauguraci\u00f3n de la Cl\u00ednica Popular en Ipare con recursos provenientes del ejecutivo regional y recientemente los trabajos de rehabilitaci\u00f3n de la planta f\u00edsica del CDI Isidro Bernal de El Diamante, que igualmente est\u00e1 a cargo de la gobernaci\u00f3n de Gu\u00e1rico.<\/p>\n\n\n\n<p>Tambi\u00e9n agradeci\u00f3 la inversi\u00f3n que realiza Fudep, organizaci\u00f3n sin fines de lucro, que con recursos provenientes de cooperantes internacionales ya resolvi\u00f3 el problema del agua potable que ten\u00eda el hospital Dr. Jos\u00e9 Francisco Torrealba mediante instalaci\u00f3n de una v\u00e1lvula en la acometida, adem\u00e1s ejecuta la refacci\u00f3n de ba\u00f1os y la activaci\u00f3n de otro tanque de almacenamiento que ten\u00eda 35 a\u00f1os sin funcionar.<\/p>\n\n\n\n<p>En materia de prevenci\u00f3n, el Dr. Arqu\u00edmedes M\u00e1rquez record\u00f3 que el virus de covid-19 sigue activo y que es necesario asumir como h\u00e1bito las medidas de protecci\u00f3n, entre ellas el uso del tapabocas. Igualmente precis\u00f3 que para este 29 de diciembre hay dos pacientes ingresados en la sala de aislamiento del hospital Dr. Jos\u00e9 Francisco Torrealba, con s\u00edntomas asociados a coronavirus.<\/p>\n\n\n\n<p>@amandasaldivia<\/p>\n\n\n\n<p><\/p>\n","protected":false},"excerpt":{"rendered":"<p>Amanda Saldivia Sin dejar de reconocer las debilidades del sector, el Dr. Arqu\u00edmedes M\u00e1rquez, autoridad \u00fanica de salud del municipio Monagas, Gu\u00e1rico, se refiri\u00f3 a los aspectos m\u00e1s resaltantes de este 2020 como parte del balance del a\u00f1o, entre ellos la m\u00edstica del personal que labora en el hospital Dr.<\/p>\n","protected":false},"author":2,"featured_media":1084,"comment_status":"open","ping_status":"open","sticky":false,"template":"","format":"standard","meta":{"advanced_seo_description":"","jetpack_seo_html_title":"","jetpack_seo_noindex":false,"_jetpack_memberships_contains_paid_content":false,"footnotes":"","jetpack_publicize_message":"","jetpack_publicize_feature_enabled":true,"jetpack_social_post_already_shared":true,"jetpack_social_options":{"image_generator_settings":{"template":"highway","enabled":false},"version":2}},"categories":[110],"tags":[8,116,64,32],"class_list":["post-1083","post","type-post","status-publish","format-standard","has-post-thumbnail","hentry","category-balance-2020","tag-altagraciadeorituco","tag-balance2020","tag-salud","tag-webdealta",""],"jetpack_publicize_connections":[],"jetpack_featured_media_url":"https:\/\/webdealta.info\/wp-content\/uploads\/2020\/12\/Hospital-de-Altagracia-webdealta.jpeg","jetpack_sharing_enabled":true,"jetpack_likes_enabled":true,"jetpack-related-posts":[],"jetpack_shortlink":"https:\/\/wp.me\/pcseDn-ht","_links":{"self":[{"href":"https:\/\/webdealta.info\/index.php?rest_route=\/wp\/v2\/posts\/1083","targetHints":{"allow":["GET"]}}],"collection":[{"href":"https:\/\/webdealta.info\/index.php?rest_route=\/wp\/v2\/posts"}],"about":[{"href":"https:\/\/webdealta.info\/index.php?rest_route=\/wp\/v2\/types\/post"}],"author":[{"embeddable":true,"href":"https:\/\/webdealta.info\/index.php?rest_route=\/wp\/v2\/users\/2"}],"replies":[{"embeddable":true,"href":"https:\/\/webdealta.info\/index.php?rest_route=%2Fwp%2Fv2%2Fcomments&post=1083"}],"version-history":[{"count":1,"href":"https:\/\/webdealta.info\/index.php?rest_route=\/wp\/v2\/posts\/1083\/revisions"}],"predecessor-version":[{"id":1086,"href":"https:\/\/webdealta.info\/index.php?rest_route=\/wp\/v2\/posts\/1083\/revisions\/1086"}],"wp:featuredmedia":[{"embeddable":true,"href":"https:\/\/webdealta.info\/index.php?rest_route=\/wp\/v2\/media\/1084"}],"wp:attachment":[{"href":"https:\/\/webdealta.info\/index.php?rest_route=%2Fwp%2Fv2%2Fmedia&parent=1083"}],"wp:term":[{"taxonomy":"category","embeddable":true,"href":"https:\/\/webdealta.info\/index.php?rest_route=%2Fwp%2Fv2%2Fcategories&post=1083"},{"taxonomy":"post_tag","embeddable":true,"href":"https:\/\/webdealta.info\/index.php?rest_route=%2Fwp%2Fv2%2Ftags&post=1083"}],"curies":[{"name":"wp","href":"https:\/\/api.w.org\/{rel}","templated":true}]}}