{"id":1073,"date":"2020-12-29T13:39:43","date_gmt":"2020-12-29T17:39:43","guid":{"rendered":"https:\/\/webdealta.info\/?p=1073"},"modified":"2020-12-29T13:42:35","modified_gmt":"2020-12-29T17:42:35","slug":"perspectiva-laboral-2021","status":"publish","type":"post","link":"https:\/\/webdealta.info\/?p=1073","title":{"rendered":"Perspectiva laboral 2021"},"content":{"rendered":"\n<p>Amanda Saldivia<\/p>\n\n\n\n<figure class=\"wp-block-image size-large\"><img loading=\"lazy\" decoding=\"async\" width=\"1024\" height=\"759\" src=\"https:\/\/webdealta.info\/wp-content\/uploads\/2020\/12\/Dr.-Javier-Perez-Lugo-webdealta-1-1024x759.jpeg\" alt=\"\" class=\"wp-image-1075\" srcset=\"https:\/\/webdealta.info\/wp-content\/uploads\/2020\/12\/Dr.-Javier-Perez-Lugo-webdealta-1.jpeg 1024w, https:\/\/webdealta.info\/wp-content\/uploads\/2020\/12\/Dr.-Javier-Perez-Lugo-webdealta-1.jpeg 300w, https:\/\/webdealta.info\/wp-content\/uploads\/2020\/12\/Dr.-Javier-Perez-Lugo-webdealta-1.jpeg 768w, https:\/\/webdealta.info\/wp-content\/uploads\/2020\/12\/Dr.-Javier-Perez-Lugo-webdealta-1.jpeg 1080w\" sizes=\"auto, (max-width: 640px) 100vw, 640px\" \/><figcaption>Dr. Javier P\u00e9rez Lugo, experto en el \u00e1rea laboral<\/figcaption><\/figure>\n\n\n\n<p>Para el Dr. Javier P\u00e9rez Lugo, abogado gracitano experto en el \u00e1rea laboral, la perspectiva del a\u00f1o 2021 en el \u00e1mbito mundial apunta a que el mercado pueda recuperarse en el segundo semestre dado el tema de la pandemia de covid-19 y otros aspectos vinculados al \u00e1rea de la generaci\u00f3n de empleos, mientras en el caso de Venezuela \u201clo laboral dej\u00f3 de ser mercado, porque trabajar en muchos casos, sea en la administraci\u00f3n p\u00fablica o sea en \u00e1reas privadas, carece de sinceridad en la relaci\u00f3n empleo \u2013 salario\u201d.<\/p>\n\n\n\n<p>Argument\u00f3 el Dr. P\u00e9rez Lugo que desde la administraci\u00f3n p\u00fablica \u201cel salario en nada contribuye para que el empleo sea atractivo, viable\u201d y en el sector privado, \u201cel pago en divisas no queda registrado en muchos casos, suscribi\u00e9ndose inclusive contratos con salarios en moneda de curso legal que resulta insignificante a la hora del pago de los derechos adquiridos laborales\u201d.<\/p>\n\n\n\n<p>Este profesional considera que el incentivo que mueve el \u00e1mbito privado es la bonificaci\u00f3n en moneda extranjera, que resulta una manera de enmascarar al salario y que se da producto de las circunstancia de la Venezuela actual, pero que m\u00e1s all\u00e1 de ser un problema si se registra o no como salario, el foco es \u201cel quantum de ese pago, para verle el atractivo a dicho empleo\u201d.<\/p>\n\n\n\n<p>Lament\u00f3 que en Venezuela haya quedado atr\u00e1s \u201cel trabajo como dignificante o que brinde calidad de vida, conforme a la Constituci\u00f3n\u201d.<\/p>\n\n\n\n<p>@amandasaldivia<\/p>\n\n\n\n<p><\/p>\n","protected":false},"excerpt":{"rendered":"<p>Amanda Saldivia Para el Dr. Javier P\u00e9rez Lugo, abogado gracitano experto en el \u00e1rea laboral, la perspectiva del a\u00f1o 2021 en el \u00e1mbito mundial apunta a que el mercado pueda recuperarse en el segundo semestre dado el tema de la pandemia de covid-19 y otros aspectos vinculados al \u00e1rea de<\/p>\n","protected":false},"author":2,"featured_media":1076,"comment_status":"open","ping_status":"open","sticky":false,"template":"","format":"standard","meta":{"advanced_seo_description":"","jetpack_seo_html_title":"","jetpack_seo_noindex":false,"_jetpack_memberships_contains_paid_content":false,"footnotes":"","jetpack_publicize_message":"","jetpack_publicize_feature_enabled":true,"jetpack_social_post_already_shared":true,"jetpack_social_options":{"image_generator_settings":{"template":"highway","enabled":false},"version":2}},"categories":[114],"tags":[8,115,32],"class_list":["post-1073","post","type-post","status-publish","format-standard","has-post-thumbnail","hentry","category-mercado-laboral","tag-altagraciadeorituco","tag-mercadolaboral","tag-webdealta",""],"jetpack_publicize_connections":[],"jetpack_featured_media_url":"https:\/\/webdealta.info\/wp-content\/uploads\/2020\/12\/weddealta-Altagracia-de-Orituco-Guarico.jpeg","jetpack_sharing_enabled":true,"jetpack_likes_enabled":true,"jetpack-related-posts":[],"jetpack_shortlink":"https:\/\/wp.me\/pcseDn-hj","_links":{"self":[{"href":"https:\/\/webdealta.info\/index.php?rest_route=\/wp\/v2\/posts\/1073","targetHints":{"allow":["GET"]}}],"collection":[{"href":"https:\/\/webdealta.info\/index.php?rest_route=\/wp\/v2\/posts"}],"about":[{"href":"https:\/\/webdealta.info\/index.php?rest_route=\/wp\/v2\/types\/post"}],"author":[{"embeddable":true,"href":"https:\/\/webdealta.info\/index.php?rest_route=\/wp\/v2\/users\/2"}],"replies":[{"embeddable":true,"href":"https:\/\/webdealta.info\/index.php?rest_route=%2Fwp%2Fv2%2Fcomments&post=1073"}],"version-history":[{"count":2,"href":"https:\/\/webdealta.info\/index.php?rest_route=\/wp\/v2\/posts\/1073\/revisions"}],"predecessor-version":[{"id":1079,"href":"https:\/\/webdealta.info\/index.php?rest_route=\/wp\/v2\/posts\/1073\/revisions\/1079"}],"wp:featuredmedia":[{"embeddable":true,"href":"https:\/\/webdealta.info\/index.php?rest_route=\/wp\/v2\/media\/1076"}],"wp:attachment":[{"href":"https:\/\/webdealta.info\/index.php?rest_route=%2Fwp%2Fv2%2Fmedia&parent=1073"}],"wp:term":[{"taxonomy":"category","embeddable":true,"href":"https:\/\/webdealta.info\/index.php?rest_route=%2Fwp%2Fv2%2Fcategories&post=1073"},{"taxonomy":"post_tag","embeddable":true,"href":"https:\/\/webdealta.info\/index.php?rest_route=%2Fwp%2Fv2%2Ftags&post=1073"}],"curies":[{"name":"wp","href":"https:\/\/api.w.org\/{rel}","templated":true}]}}