{"id":1034,"date":"2020-12-20T22:11:12","date_gmt":"2020-12-21T02:11:12","guid":{"rendered":"https:\/\/webdealta.info\/?p=1034"},"modified":"2020-12-20T22:11:14","modified_gmt":"2020-12-21T02:11:14","slug":"nueva-directiva-de-la-logia-sinai-nro-78","status":"publish","type":"post","link":"https:\/\/webdealta.info\/?p=1034","title":{"rendered":"Nueva directiva de la logia Sina\u00ed Nro. 78"},"content":{"rendered":"\n<p>Amanda Saldivia<\/p>\n\n\n\n<p>Este domingo 20 de diciembre se instal\u00f3 la nueva directiva de la logia Sina\u00ed Nro. 78, encabezada por Crist\u00f3bal Zeiden, como Venerable Maestro, en acto celebrado en la sede de esta instituci\u00f3n, ubicada en la calle Ilustres Pr\u00f3ceres de Altagracia de Orituco, Gu\u00e1rico.<\/p>\n\n\n\n<p>La directiva regir\u00e1 la instituci\u00f3n mas\u00f3nica para el per\u00edodo 2020-2021 e impulsar\u00e1 los postulados de libertad, igualdad y fraternidad, tal como lo hicieron los fundadores de la logia Sina\u00ed en esta poblaci\u00f3n guarique\u00f1a hace 94 a\u00f1os, espec\u00edficamente el 27 de septiembre de 1926.<\/p>\n\n\n\n<p><\/p>\n","protected":false},"excerpt":{"rendered":"<p>Amanda Saldivia Este domingo 20 de diciembre se instal\u00f3 la nueva directiva de la logia Sina\u00ed Nro. 78, encabezada por Crist\u00f3bal Zeiden, como Venerable Maestro, en acto celebrado en la sede de esta instituci\u00f3n, ubicada en la calle Ilustres Pr\u00f3ceres de Altagracia de Orituco, Gu\u00e1rico. La directiva regir\u00e1 la instituci\u00f3n<\/p>\n","protected":false},"author":2,"featured_media":1035,"comment_status":"open","ping_status":"open","sticky":false,"template":"","format":"standard","meta":{"advanced_seo_description":"","jetpack_seo_html_title":"","jetpack_seo_noindex":false,"_jetpack_memberships_contains_paid_content":false,"footnotes":"","jetpack_publicize_message":"","jetpack_publicize_feature_enabled":true,"jetpack_social_post_already_shared":true,"jetpack_social_options":{"image_generator_settings":{"template":"highway","enabled":false},"version":2}},"categories":[100],"tags":[8,101,32],"class_list":["post-1034","post","type-post","status-publish","format-standard","has-post-thumbnail","hentry","category-instituciones","tag-altagraciadeorituco","tag-logiasinainro-78","tag-webdealta",""],"jetpack_publicize_connections":[],"jetpack_featured_media_url":"https:\/\/webdealta.info\/wp-content\/uploads\/2020\/12\/WhatsApp-Image-2020-12-20-at-9.29.49-PM.jpeg","jetpack_sharing_enabled":true,"jetpack_likes_enabled":true,"jetpack-related-posts":[],"jetpack_shortlink":"https:\/\/wp.me\/pcseDn-gG","_links":{"self":[{"href":"https:\/\/webdealta.info\/index.php?rest_route=\/wp\/v2\/posts\/1034","targetHints":{"allow":["GET"]}}],"collection":[{"href":"https:\/\/webdealta.info\/index.php?rest_route=\/wp\/v2\/posts"}],"about":[{"href":"https:\/\/webdealta.info\/index.php?rest_route=\/wp\/v2\/types\/post"}],"author":[{"embeddable":true,"href":"https:\/\/webdealta.info\/index.php?rest_route=\/wp\/v2\/users\/2"}],"replies":[{"embeddable":true,"href":"https:\/\/webdealta.info\/index.php?rest_route=%2Fwp%2Fv2%2Fcomments&post=1034"}],"version-history":[{"count":1,"href":"https:\/\/webdealta.info\/index.php?rest_route=\/wp\/v2\/posts\/1034\/revisions"}],"predecessor-version":[{"id":1036,"href":"https:\/\/webdealta.info\/index.php?rest_route=\/wp\/v2\/posts\/1034\/revisions\/1036"}],"wp:featuredmedia":[{"embeddable":true,"href":"https:\/\/webdealta.info\/index.php?rest_route=\/wp\/v2\/media\/1035"}],"wp:attachment":[{"href":"https:\/\/webdealta.info\/index.php?rest_route=%2Fwp%2Fv2%2Fmedia&parent=1034"}],"wp:term":[{"taxonomy":"category","embeddable":true,"href":"https:\/\/webdealta.info\/index.php?rest_route=%2Fwp%2Fv2%2Fcategories&post=1034"},{"taxonomy":"post_tag","embeddable":true,"href":"https:\/\/webdealta.info\/index.php?rest_route=%2Fwp%2Fv2%2Ftags&post=1034"}],"curies":[{"name":"wp","href":"https:\/\/api.w.org\/{rel}","templated":true}]}}